{"id":2371,"date":"2026-09-04T09:11:41","date_gmt":"2026-09-04T12:11:41","guid":{"rendered":"https:\/\/masindustrias.com.ar\/mas-campo\/?p=2371"},"modified":"2026-09-04T09:11:42","modified_gmt":"2026-09-04T12:11:42","slug":"el-trigo-y-la-cebada-atraviesan-un-buen-momento-en-el-sudoeste-bonaerense","status":"publish","type":"post","link":"https:\/\/masindustrias.com.ar\/mas-campo\/2026\/09\/04\/agricultura\/el-trigo-y-la-cebada-atraviesan-un-buen-momento-en-el-sudoeste-bonaerense\/","title":{"rendered":"El trigo y la cebada atraviesan un buen momento en el sudoeste bonaerense"},"content":{"rendered":"\n<p class=\"wp-block-paragraph\">Los cultivos de trigo y cebada de la campa\u00f1a 2026\/27 presentan una buena evoluci\u00f3n general en el sudoeste bonaerense y La Pampa. Las condiciones de humedad, sin embargo, comenzaron a favorecer la aparici\u00f3n de enfermedades foliares.<\/p>\n\n\n\n<p class=\"wp-block-paragraph\">Seg\u00fan el \u00faltimo reporte de la Bolsa de Cereales y Productos de Bah\u00eda Blanca (BCP), se detect\u00f3 presencia de mancha en red en cebada y mancha amarilla en trigo, principalmente hacia el sudoeste bonaerense. Ya comenzaron los tratamientos con fungicidas y no se descarta una segunda aplicaci\u00f3n en los lotes donde persistan las condiciones predisponentes.<\/p>\n\n\n\n<p class=\"wp-block-paragraph\">En paralelo, la cosecha de ma\u00edz avanza a distintos ritmos seg\u00fan la zona. En el norte del \u00e1rea BCP, el avance se ubica en torno al 80%, con rendimientos de entre 6.500 y 9.000 kilos por hect\u00e1rea, un 4% por encima de la media hist\u00f3rica.<\/p>\n\n\n\n<p class=\"wp-block-paragraph\">En el centro oeste, la trilla alcanza aproximadamente el 60% del \u00e1rea, mientras que en el centro este reci\u00e9n comenz\u00f3 y permanece condicionada por las precipitaciones recientes. En el sur, en tanto, el avance ronda el 25% del ma\u00edz tard\u00edo pendiente de cosecha.<\/p>\n\n\n\n<figure class=\"wp-block-image aligncenter size-full is-resized\"><img fetchpriority=\"high\" decoding=\"async\" width=\"758\" height=\"387\" src=\"https:\/\/masindustrias.com.ar\/mas-campo\/wp-content\/uploads\/2026\/09\/MjsfsWTWUXbZUL.jpg\" alt=\"\" class=\"wp-image-2373\" style=\"width:555px;height:auto\" srcset=\"https:\/\/masindustrias.com.ar\/mas-campo\/wp-content\/uploads\/2026\/09\/MjsfsWTWUXbZUL.jpg 758w, https:\/\/masindustrias.com.ar\/mas-campo\/wp-content\/uploads\/2026\/09\/MjsfsWTWUXbZUL-300x153.jpg 300w\" sizes=\"(max-width: 758px) 100vw, 758px\" \/><\/figure>\n\n\n\n<p class=\"wp-block-paragraph\">El panorama h\u00eddrico se mantiene entre condiciones adecuadas y \u00f3ptimas, con una reducci\u00f3n progresiva de las situaciones de exceso. Para los pr\u00f3ximos diez d\u00edas se prev\u00e9 una probabilidad superior al 80% de ocurrencia de heladas y precipitaciones de entre 10 y 25 mil\u00edmetros, con mayores registros hacia el sudeste.<\/p>\n\n\n\n<figure class=\"wp-block-image aligncenter size-full is-resized\"><img decoding=\"async\" width=\"800\" height=\"1024\" src=\"https:\/\/masindustrias.com.ar\/mas-campo\/wp-content\/uploads\/2026\/09\/xauWcEnDPl1JwO.jpeg\" alt=\"\" class=\"wp-image-2374\" style=\"width:512px;height:auto\" srcset=\"https:\/\/masindustrias.com.ar\/mas-campo\/wp-content\/uploads\/2026\/09\/xauWcEnDPl1JwO.jpeg 800w, https:\/\/masindustrias.com.ar\/mas-campo\/wp-content\/uploads\/2026\/09\/xauWcEnDPl1JwO-234x300.jpeg 234w, https:\/\/masindustrias.com.ar\/mas-campo\/wp-content\/uploads\/2026\/09\/xauWcEnDPl1JwO-768x983.jpeg 768w\" sizes=\"(max-width: 800px) 100vw, 800px\" \/><\/figure>\n","protected":false},"excerpt":{"rendered":"<p>Los cultivos evolucionan bien, aunque la humedad favorece la aparici\u00f3n de enfermedades. En paralelo, avanza la cosecha de ma\u00edz, con rindes por encima del promedio hist\u00f3rico en el norte.<\/p>\n","protected":false},"author":1,"featured_media":2372,"comment_status":"closed","ping_status":"closed","sticky":false,"template":"","format":"standard","meta":{"footnotes":""},"categories":[3],"tags":[45,187,44],"class_list":["post-2371","post","type-post","status-publish","format-standard","has-post-thumbnail","hentry","category-agricultura","tag-cebada","tag-produccion","tag-trigo"],"yoast_head":"<!-- This site is optimized with the Yoast SEO plugin v28.3 - https:\/\/yoast.com\/product\/yoast-seo-wordpress\/ -->\n<title>El trigo y la cebada atraviesan un buen momento en el sudoeste bonaerense<\/title>\n<meta name=\"robots\" content=\"index, follow, max-snippet:-1, max-image-preview:large, max-video-preview:-1\" \/>\n<link rel=\"canonical\" href=\"https:\/\/masindustrias.com.ar\/mas-campo\/2026\/09\/04\/agricultura\/el-trigo-y-la-cebada-atraviesan-un-buen-momento-en-el-sudoeste-bonaerense\/\" \/>\n<meta property=\"og:locale\" content=\"es_ES\" \/>\n<meta property=\"og:type\" content=\"article\" \/>\n<meta property=\"og:title\" content=\"El trigo y la cebada atraviesan un buen momento en el sudoeste bonaerense\" \/>\n<meta property=\"og:description\" content=\"Los cultivos evolucionan bien, aunque la humedad favorece la aparici\u00f3n de enfermedades. En paralelo, avanza la cosecha de ma\u00edz, con rindes por encima del promedio hist\u00f3rico en el norte.\" \/>\n<meta property=\"og:url\" content=\"https:\/\/masindustrias.com.ar\/mas-campo\/2026\/09\/04\/agricultura\/el-trigo-y-la-cebada-atraviesan-un-buen-momento-en-el-sudoeste-bonaerense\/\" \/>\n<meta property=\"og:site_name\" content=\"M\u00e1s Campo\" \/>\n<meta property=\"article:published_time\" content=\"2026-09-04T12:11:41+00:00\" \/>\n<meta property=\"article:modified_time\" content=\"2026-09-04T12:11:42+00:00\" \/>\n<meta property=\"og:image\" content=\"https:\/\/masindustrias.com.ar\/mas-campo\/wp-content\/uploads\/2026\/09\/Diseno-sin-titulo_20260904_065342_0000.jpg\" \/>\n\t<meta property=\"og:image:width\" content=\"1200\" \/>\n\t<meta property=\"og:image:height\" content=\"675\" \/>\n\t<meta property=\"og:image:type\" content=\"image\/jpeg\" \/>\n<meta name=\"author\" content=\"Redacci\u00f3n M\u00e1s Campo\" \/>\n<meta name=\"twitter:card\" content=\"summary_large_image\" \/>\n<script type=\"application\/ld+json\" class=\"yoast-schema-graph\">{\"@context\":\"https:\\\/\\\/schema.org\",\"@graph\":[{\"@type\":\"NewsArticle\",\"@id\":\"https:\\\/\\\/masindustrias.com.ar\\\/mas-campo\\\/2026\\\/09\\\/04\\\/agricultura\\\/el-trigo-y-la-cebada-atraviesan-un-buen-momento-en-el-sudoeste-bonaerense\\\/#article\",\"isPartOf\":{\"@id\":\"https:\\\/\\\/masindustrias.com.ar\\\/mas-campo\\\/2026\\\/09\\\/04\\\/agricultura\\\/el-trigo-y-la-cebada-atraviesan-un-buen-momento-en-el-sudoeste-bonaerense\\\/\"},\"author\":{\"name\":\"Redacci\u00f3n M\u00e1s Campo\",\"@id\":\"https:\\\/\\\/masindustrias.com.ar\\\/mas-campo\\\/#\\\/schema\\\/person\\\/628d97aab99dad3321861bf7ce753fd1\"},\"headline\":\"El trigo y la cebada atraviesan un buen momento en el sudoeste bonaerense\",\"datePublished\":\"2026-09-04T12:11:41+00:00\",\"dateModified\":\"2026-09-04T12:11:42+00:00\",\"mainEntityOfPage\":{\"@id\":\"https:\\\/\\\/masindustrias.com.ar\\\/mas-campo\\\/2026\\\/09\\\/04\\\/agricultura\\\/el-trigo-y-la-cebada-atraviesan-un-buen-momento-en-el-sudoeste-bonaerense\\\/\"},\"wordCount\":249,\"publisher\":{\"@id\":\"https:\\\/\\\/masindustrias.com.ar\\\/mas-campo\\\/#organization\"},\"image\":{\"@id\":\"https:\\\/\\\/masindustrias.com.ar\\\/mas-campo\\\/2026\\\/09\\\/04\\\/agricultura\\\/el-trigo-y-la-cebada-atraviesan-un-buen-momento-en-el-sudoeste-bonaerense\\\/#primaryimage\"},\"thumbnailUrl\":\"https:\\\/\\\/masindustrias.com.ar\\\/mas-campo\\\/wp-content\\\/uploads\\\/2026\\\/09\\\/Diseno-sin-titulo_20260904_065342_0000.jpg\",\"keywords\":[\"Cebada\",\"Producci\u00f3n\",\"Trigo\"],\"articleSection\":[\"Agricultura\"],\"inLanguage\":\"es-AR\",\"copyrightYear\":\"2026\",\"copyrightHolder\":{\"@id\":\"https:\\\/\\\/masindustrias.com.ar\\\/mas-campo\\\/#organization\"}},{\"@type\":\"WebPage\",\"@id\":\"https:\\\/\\\/masindustrias.com.ar\\\/mas-campo\\\/2026\\\/09\\\/04\\\/agricultura\\\/el-trigo-y-la-cebada-atraviesan-un-buen-momento-en-el-sudoeste-bonaerense\\\/\",\"url\":\"https:\\\/\\\/masindustrias.com.ar\\\/mas-campo\\\/2026\\\/09\\\/04\\\/agricultura\\\/el-trigo-y-la-cebada-atraviesan-un-buen-momento-en-el-sudoeste-bonaerense\\\/\",\"name\":\"El trigo y la cebada atraviesan un buen momento en el sudoeste bonaerense\",\"isPartOf\":{\"@id\":\"https:\\\/\\\/masindustrias.com.ar\\\/mas-campo\\\/#website\"},\"primaryImageOfPage\":{\"@id\":\"https:\\\/\\\/masindustrias.com.ar\\\/mas-campo\\\/2026\\\/09\\\/04\\\/agricultura\\\/el-trigo-y-la-cebada-atraviesan-un-buen-momento-en-el-sudoeste-bonaerense\\\/#primaryimage\"},\"image\":{\"@id\":\"https:\\\/\\\/masindustrias.com.ar\\\/mas-campo\\\/2026\\\/09\\\/04\\\/agricultura\\\/el-trigo-y-la-cebada-atraviesan-un-buen-momento-en-el-sudoeste-bonaerense\\\/#primaryimage\"},\"thumbnailUrl\":\"https:\\\/\\\/masindustrias.com.ar\\\/mas-campo\\\/wp-content\\\/uploads\\\/2026\\\/09\\\/Diseno-sin-titulo_20260904_065342_0000.jpg\",\"datePublished\":\"2026-09-04T12:11:41+00:00\",\"dateModified\":\"2026-09-04T12:11:42+00:00\",\"breadcrumb\":{\"@id\":\"https:\\\/\\\/masindustrias.com.ar\\\/mas-campo\\\/2026\\\/09\\\/04\\\/agricultura\\\/el-trigo-y-la-cebada-atraviesan-un-buen-momento-en-el-sudoeste-bonaerense\\\/#breadcrumb\"},\"inLanguage\":\"es-AR\",\"potentialAction\":[{\"@type\":\"ReadAction\",\"target\":[\"https:\\\/\\\/masindustrias.com.ar\\\/mas-campo\\\/2026\\\/09\\\/04\\\/agricultura\\\/el-trigo-y-la-cebada-atraviesan-un-buen-momento-en-el-sudoeste-bonaerense\\\/\"]}]},{\"@type\":\"ImageObject\",\"inLanguage\":\"es-AR\",\"@id\":\"https:\\\/\\\/masindustrias.com.ar\\\/mas-campo\\\/2026\\\/09\\\/04\\\/agricultura\\\/el-trigo-y-la-cebada-atraviesan-un-buen-momento-en-el-sudoeste-bonaerense\\\/#primaryimage\",\"url\":\"https:\\\/\\\/masindustrias.com.ar\\\/mas-campo\\\/wp-content\\\/uploads\\\/2026\\\/09\\\/Diseno-sin-titulo_20260904_065342_0000.jpg\",\"contentUrl\":\"https:\\\/\\\/masindustrias.com.ar\\\/mas-campo\\\/wp-content\\\/uploads\\\/2026\\\/09\\\/Diseno-sin-titulo_20260904_065342_0000.jpg\",\"width\":1200,\"height\":675},{\"@type\":\"BreadcrumbList\",\"@id\":\"https:\\\/\\\/masindustrias.com.ar\\\/mas-campo\\\/2026\\\/09\\\/04\\\/agricultura\\\/el-trigo-y-la-cebada-atraviesan-un-buen-momento-en-el-sudoeste-bonaerense\\\/#breadcrumb\",\"itemListElement\":[{\"@type\":\"ListItem\",\"position\":1,\"name\":\"Inicio\",\"item\":\"https:\\\/\\\/masindustrias.com.ar\\\/mas-campo\\\/\"},{\"@type\":\"ListItem\",\"position\":2,\"name\":\"El trigo y la cebada atraviesan un buen momento en el sudoeste bonaerense\"}]},{\"@type\":\"WebSite\",\"@id\":\"https:\\\/\\\/masindustrias.com.ar\\\/mas-campo\\\/#website\",\"url\":\"https:\\\/\\\/masindustrias.com.ar\\\/mas-campo\\\/\",\"name\":\"M\u00e1s Campo\",\"description\":\"Actualidad del Campo y del Sector Agropecuario de Bah\u00eda Blanca y la Regi\u00f3n\",\"publisher\":{\"@id\":\"https:\\\/\\\/masindustrias.com.ar\\\/mas-campo\\\/#organization\"},\"alternateName\":\"M\u00e1s Campo\",\"potentialAction\":[{\"@type\":\"SearchAction\",\"target\":{\"@type\":\"EntryPoint\",\"urlTemplate\":\"https:\\\/\\\/masindustrias.com.ar\\\/mas-campo\\\/?s={search_term_string}\"},\"query-input\":{\"@type\":\"PropertyValueSpecification\",\"valueRequired\":true,\"valueName\":\"search_term_string\"}}],\"inLanguage\":\"es-AR\"},{\"@type\":\"Organization\",\"@id\":\"https:\\\/\\\/masindustrias.com.ar\\\/mas-campo\\\/#organization\",\"name\":\"M\u00e1s Campo\",\"url\":\"https:\\\/\\\/masindustrias.com.ar\\\/mas-campo\\\/\",\"logo\":{\"@type\":\"ImageObject\",\"inLanguage\":\"es-AR\",\"@id\":\"https:\\\/\\\/masindustrias.com.ar\\\/mas-campo\\\/#\\\/schema\\\/logo\\\/image\\\/\",\"url\":\"https:\\\/\\\/masindustrias.com.ar\\\/mas-campo\\\/wp-content\\\/uploads\\\/2025\\\/08\\\/mas-campo-noticias-agicolas.svg\",\"contentUrl\":\"https:\\\/\\\/masindustrias.com.ar\\\/mas-campo\\\/wp-content\\\/uploads\\\/2025\\\/08\\\/mas-campo-noticias-agicolas.svg\",\"width\":455,\"height\":69,\"caption\":\"M\u00e1s Campo\"},\"image\":{\"@id\":\"https:\\\/\\\/masindustrias.com.ar\\\/mas-campo\\\/#\\\/schema\\\/logo\\\/image\\\/\"}},{\"@type\":\"Person\",\"@id\":\"https:\\\/\\\/masindustrias.com.ar\\\/mas-campo\\\/#\\\/schema\\\/person\\\/628d97aab99dad3321861bf7ce753fd1\",\"name\":\"Redacci\u00f3n M\u00e1s Campo\",\"description\":\"Redacci\u00f3n de M\u00e1s Campo, el medio de comunicaci\u00f3n de Bah\u00eda Blanca, el sudoeste de la provincia de Buenos Aires y la regi\u00f3n, especializado en ganader\u00eda y agricultura.\",\"sameAs\":[\"https:\\\/\\\/masindustrias.com.ar\\\/mas-campo\"],\"url\":\"https:\\\/\\\/masindustrias.com.ar\\\/mas-campo\\\/author\\\/mas-campo\\\/\"}]}<\/script>\n<!-- \/ Yoast SEO plugin. -->","yoast_head_json":{"title":"El trigo y la cebada atraviesan un buen momento en el sudoeste bonaerense","robots":{"index":"index","follow":"follow","max-snippet":"max-snippet:-1","max-image-preview":"max-image-preview:large","max-video-preview":"max-video-preview:-1"},"canonical":"https:\/\/masindustrias.com.ar\/mas-campo\/2026\/09\/04\/agricultura\/el-trigo-y-la-cebada-atraviesan-un-buen-momento-en-el-sudoeste-bonaerense\/","og_locale":"es_ES","og_type":"article","og_title":"El trigo y la cebada atraviesan un buen momento en el sudoeste bonaerense","og_description":"Los cultivos evolucionan bien, aunque la humedad favorece la aparici\u00f3n de enfermedades. En paralelo, avanza la cosecha de ma\u00edz, con rindes por encima del promedio hist\u00f3rico en el norte.","og_url":"https:\/\/masindustrias.com.ar\/mas-campo\/2026\/09\/04\/agricultura\/el-trigo-y-la-cebada-atraviesan-un-buen-momento-en-el-sudoeste-bonaerense\/","og_site_name":"M\u00e1s Campo","article_published_time":"2026-09-04T12:11:41+00:00","article_modified_time":"2026-09-04T12:11:42+00:00","og_image":[{"width":1200,"height":675,"url":"https:\/\/masindustrias.com.ar\/mas-campo\/wp-content\/uploads\/2026\/09\/Diseno-sin-titulo_20260904_065342_0000.jpg","type":"image\/jpeg"}],"author":"Redacci\u00f3n M\u00e1s Campo","twitter_card":"summary_large_image","schema":{"@context":"https:\/\/schema.org","@graph":[{"@type":"NewsArticle","@id":"https:\/\/masindustrias.com.ar\/mas-campo\/2026\/09\/04\/agricultura\/el-trigo-y-la-cebada-atraviesan-un-buen-momento-en-el-sudoeste-bonaerense\/#article","isPartOf":{"@id":"https:\/\/masindustrias.com.ar\/mas-campo\/2026\/09\/04\/agricultura\/el-trigo-y-la-cebada-atraviesan-un-buen-momento-en-el-sudoeste-bonaerense\/"},"author":{"name":"Redacci\u00f3n M\u00e1s Campo","@id":"https:\/\/masindustrias.com.ar\/mas-campo\/#\/schema\/person\/628d97aab99dad3321861bf7ce753fd1"},"headline":"El trigo y la cebada atraviesan un buen momento en el sudoeste bonaerense","datePublished":"2026-09-04T12:11:41+00:00","dateModified":"2026-09-04T12:11:42+00:00","mainEntityOfPage":{"@id":"https:\/\/masindustrias.com.ar\/mas-campo\/2026\/09\/04\/agricultura\/el-trigo-y-la-cebada-atraviesan-un-buen-momento-en-el-sudoeste-bonaerense\/"},"wordCount":249,"publisher":{"@id":"https:\/\/masindustrias.com.ar\/mas-campo\/#organization"},"image":{"@id":"https:\/\/masindustrias.com.ar\/mas-campo\/2026\/09\/04\/agricultura\/el-trigo-y-la-cebada-atraviesan-un-buen-momento-en-el-sudoeste-bonaerense\/#primaryimage"},"thumbnailUrl":"https:\/\/masindustrias.com.ar\/mas-campo\/wp-content\/uploads\/2026\/09\/Diseno-sin-titulo_20260904_065342_0000.jpg","keywords":["Cebada","Producci\u00f3n","Trigo"],"articleSection":["Agricultura"],"inLanguage":"es-AR","copyrightYear":"2026","copyrightHolder":{"@id":"https:\/\/masindustrias.com.ar\/mas-campo\/#organization"}},{"@type":"WebPage","@id":"https:\/\/masindustrias.com.ar\/mas-campo\/2026\/09\/04\/agricultura\/el-trigo-y-la-cebada-atraviesan-un-buen-momento-en-el-sudoeste-bonaerense\/","url":"https:\/\/masindustrias.com.ar\/mas-campo\/2026\/09\/04\/agricultura\/el-trigo-y-la-cebada-atraviesan-un-buen-momento-en-el-sudoeste-bonaerense\/","name":"El trigo y la cebada atraviesan un buen momento en el sudoeste bonaerense","isPartOf":{"@id":"https:\/\/masindustrias.com.ar\/mas-campo\/#website"},"primaryImageOfPage":{"@id":"https:\/\/masindustrias.com.ar\/mas-campo\/2026\/09\/04\/agricultura\/el-trigo-y-la-cebada-atraviesan-un-buen-momento-en-el-sudoeste-bonaerense\/#primaryimage"},"image":{"@id":"https:\/\/masindustrias.com.ar\/mas-campo\/2026\/09\/04\/agricultura\/el-trigo-y-la-cebada-atraviesan-un-buen-momento-en-el-sudoeste-bonaerense\/#primaryimage"},"thumbnailUrl":"https:\/\/masindustrias.com.ar\/mas-campo\/wp-content\/uploads\/2026\/09\/Diseno-sin-titulo_20260904_065342_0000.jpg","datePublished":"2026-09-04T12:11:41+00:00","dateModified":"2026-09-04T12:11:42+00:00","breadcrumb":{"@id":"https:\/\/masindustrias.com.ar\/mas-campo\/2026\/09\/04\/agricultura\/el-trigo-y-la-cebada-atraviesan-un-buen-momento-en-el-sudoeste-bonaerense\/#breadcrumb"},"inLanguage":"es-AR","potentialAction":[{"@type":"ReadAction","target":["https:\/\/masindustrias.com.ar\/mas-campo\/2026\/09\/04\/agricultura\/el-trigo-y-la-cebada-atraviesan-un-buen-momento-en-el-sudoeste-bonaerense\/"]}]},{"@type":"ImageObject","inLanguage":"es-AR","@id":"https:\/\/masindustrias.com.ar\/mas-campo\/2026\/09\/04\/agricultura\/el-trigo-y-la-cebada-atraviesan-un-buen-momento-en-el-sudoeste-bonaerense\/#primaryimage","url":"https:\/\/masindustrias.com.ar\/mas-campo\/wp-content\/uploads\/2026\/09\/Diseno-sin-titulo_20260904_065342_0000.jpg","contentUrl":"https:\/\/masindustrias.com.ar\/mas-campo\/wp-content\/uploads\/2026\/09\/Diseno-sin-titulo_20260904_065342_0000.jpg","width":1200,"height":675},{"@type":"BreadcrumbList","@id":"https:\/\/masindustrias.com.ar\/mas-campo\/2026\/09\/04\/agricultura\/el-trigo-y-la-cebada-atraviesan-un-buen-momento-en-el-sudoeste-bonaerense\/#breadcrumb","itemListElement":[{"@type":"ListItem","position":1,"name":"Inicio","item":"https:\/\/masindustrias.com.ar\/mas-campo\/"},{"@type":"ListItem","position":2,"name":"El trigo y la cebada atraviesan un buen momento en el sudoeste bonaerense"}]},{"@type":"WebSite","@id":"https:\/\/masindustrias.com.ar\/mas-campo\/#website","url":"https:\/\/masindustrias.com.ar\/mas-campo\/","name":"M\u00e1s Campo","description":"Actualidad del Campo y del Sector Agropecuario de Bah\u00eda Blanca y la Regi\u00f3n","publisher":{"@id":"https:\/\/masindustrias.com.ar\/mas-campo\/#organization"},"alternateName":"M\u00e1s Campo","potentialAction":[{"@type":"SearchAction","target":{"@type":"EntryPoint","urlTemplate":"https:\/\/masindustrias.com.ar\/mas-campo\/?s={search_term_string}"},"query-input":{"@type":"PropertyValueSpecification","valueRequired":true,"valueName":"search_term_string"}}],"inLanguage":"es-AR"},{"@type":"Organization","@id":"https:\/\/masindustrias.com.ar\/mas-campo\/#organization","name":"M\u00e1s Campo","url":"https:\/\/masindustrias.com.ar\/mas-campo\/","logo":{"@type":"ImageObject","inLanguage":"es-AR","@id":"https:\/\/masindustrias.com.ar\/mas-campo\/#\/schema\/logo\/image\/","url":"https:\/\/masindustrias.com.ar\/mas-campo\/wp-content\/uploads\/2025\/08\/mas-campo-noticias-agicolas.svg","contentUrl":"https:\/\/masindustrias.com.ar\/mas-campo\/wp-content\/uploads\/2025\/08\/mas-campo-noticias-agicolas.svg","width":455,"height":69,"caption":"M\u00e1s Campo"},"image":{"@id":"https:\/\/masindustrias.com.ar\/mas-campo\/#\/schema\/logo\/image\/"}},{"@type":"Person","@id":"https:\/\/masindustrias.com.ar\/mas-campo\/#\/schema\/person\/628d97aab99dad3321861bf7ce753fd1","name":"Redacci\u00f3n M\u00e1s Campo","description":"Redacci\u00f3n de M\u00e1s Campo, el medio de comunicaci\u00f3n de Bah\u00eda Blanca, el sudoeste de la provincia de Buenos Aires y la regi\u00f3n, especializado en ganader\u00eda y agricultura.","sameAs":["https:\/\/masindustrias.com.ar\/mas-campo"],"url":"https:\/\/masindustrias.com.ar\/mas-campo\/author\/mas-campo\/"}]}},"_links":{"self":[{"href":"https:\/\/masindustrias.com.ar\/mas-campo\/wp-json\/wp\/v2\/posts\/2371","targetHints":{"allow":["GET"]}}],"collection":[{"href":"https:\/\/masindustrias.com.ar\/mas-campo\/wp-json\/wp\/v2\/posts"}],"about":[{"href":"https:\/\/masindustrias.com.ar\/mas-campo\/wp-json\/wp\/v2\/types\/post"}],"author":[{"embeddable":true,"href":"https:\/\/masindustrias.com.ar\/mas-campo\/wp-json\/wp\/v2\/users\/1"}],"replies":[{"embeddable":true,"href":"https:\/\/masindustrias.com.ar\/mas-campo\/wp-json\/wp\/v2\/comments?post=2371"}],"version-history":[{"count":1,"href":"https:\/\/masindustrias.com.ar\/mas-campo\/wp-json\/wp\/v2\/posts\/2371\/revisions"}],"predecessor-version":[{"id":2375,"href":"https:\/\/masindustrias.com.ar\/mas-campo\/wp-json\/wp\/v2\/posts\/2371\/revisions\/2375"}],"wp:featuredmedia":[{"embeddable":true,"href":"https:\/\/masindustrias.com.ar\/mas-campo\/wp-json\/wp\/v2\/media\/2372"}],"wp:attachment":[{"href":"https:\/\/masindustrias.com.ar\/mas-campo\/wp-json\/wp\/v2\/media?parent=2371"}],"wp:term":[{"taxonomy":"category","embeddable":true,"href":"https:\/\/masindustrias.com.ar\/mas-campo\/wp-json\/wp\/v2\/categories?post=2371"},{"taxonomy":"post_tag","embeddable":true,"href":"https:\/\/masindustrias.com.ar\/mas-campo\/wp-json\/wp\/v2\/tags?post=2371"}],"curies":[{"name":"wp","href":"https:\/\/api.w.org\/{rel}","templated":true}]}}