{"id":2367,"date":"2026-09-04T09:07:53","date_gmt":"2026-09-04T12:07:53","guid":{"rendered":"https:\/\/masindustrias.com.ar\/mas-campo\/?p=2367"},"modified":"2026-09-04T09:07:54","modified_gmt":"2026-09-04T12:07:54","slug":"toay-recupera-su-exposicion-rural-despues-de-varios-anos","status":"publish","type":"post","link":"https:\/\/masindustrias.com.ar\/mas-campo\/2026\/09\/04\/actualidad-del-campo\/toay-recupera-su-exposicion-rural-despues-de-varios-anos\/","title":{"rendered":"Toay recupera su Exposici\u00f3n Rural despu\u00e9s de varios a\u00f1os"},"content":{"rendered":"\n<p class=\"wp-block-paragraph\">El regreso de la exposici\u00f3n es resultado de un trabajo articulado entre la Sociedad Rural de Toay, el Municipio local, el Gobierno de La Pampa y Vicar Ganadera. El anuncio oficial se realiz\u00f3 en la sede de la entidad rural, con la presencia de autoridades locales y provinciales.<\/p>\n\n\n\n<p class=\"wp-block-paragraph\">El intendente de Toay, Ariel Rojas, celebr\u00f3 el regreso de una actividad que forma parte de la historia de la localidad y destac\u00f3 el trabajo conjunto entre los sectores p\u00fablico y privado. \u201cA\u00f1or\u00e1bamos volver a mostrar nuestra producci\u00f3n\u201d, expres\u00f3, quien adem\u00e1s felicit\u00f3 a las nuevas autoridades de la Sociedad Rural de Toay y agradeci\u00f3 el acompa\u00f1amiento de la ministra de la Producci\u00f3n y del Gobierno provincial.<\/p>\n\n\n\n<p class=\"wp-block-paragraph\">El jefe comunal record\u00f3 el impacto social y econ\u00f3mico que hist\u00f3ricamente tuvo la exposici\u00f3n para la ciudad. \u201cHace bastante tiempo venimos charlando con vecinos y productoras que a\u00f1oramos lo que en otros tiempos fue la gran Exposici\u00f3n Rural que disfrut\u00e1bamos en Toay. Me pone muy contento contribuir desde donde podamos para volver a mostrar nuestra producci\u00f3n\u201d, manifest\u00f3.<\/p>\n\n\n\n<p class=\"wp-block-paragraph\">Rojas anticip\u00f3 tambi\u00e9n que los d\u00edas 16, 17 y 18 de octubre ser\u00e1n \u201cuna gran fiesta de la producci\u00f3n y una gran fiesta para la ciudad de Toay\u201d. Adem\u00e1s, destac\u00f3 que la \u00faltima jornada coincidir\u00e1 con el D\u00eda de la Madre, por lo que la celebraci\u00f3n tendr\u00e1 un motivo adicional para convocar a las familias.<\/p>\n\n\n\n<p class=\"wp-block-paragraph\">Por su parte, la ministra de la Producci\u00f3n de La Pampa, Fernanda Gonz\u00e1lez, destac\u00f3 que la recuperaci\u00f3n de la muestra permitir\u00e1 \u201cjerarquizar el circuito de exposiciones de la Provincia\u201d y felicit\u00f3 a la nueva comisi\u00f3n que tom\u00f3 la responsabilidad de llevar adelante esta instituci\u00f3n. <\/p>\n\n\n\n<p class=\"wp-block-paragraph\">La funcionaria tambi\u00e9n resalt\u00f3 el valor de incorporar a Toay al calendario de exposiciones rurales de la Provincia y puso a disposici\u00f3n los equipos t\u00e9cnicos del Ministerio para acompa\u00f1ar el proceso de organizaci\u00f3n. \u201cSumarse al circuito de las rurales de la Provincia le da otro nivel a este tipo de exposiciones. Es un lugar de competencia e inter\u00e9s para que los productores de gen\u00e9tica elijan Toay para mostrar su trabajo\u201d, sostuvo Gonz\u00e1lez.<\/p>\n\n\n\n<p class=\"wp-block-paragraph\">Desde la Sociedad Rural de Toay tambi\u00e9n expresaron su entusiasmo por recuperar la muestra. Su presidente, Daniel Polisuk, agradeci\u00f3 el respaldo de las autoridades y manifest\u00f3 el objetivo de que la exposici\u00f3n \u201csea una fiesta para toda la ciudad\u201d.<\/p>\n\n\n\n<p class=\"wp-block-paragraph\">\u201cEsta comisi\u00f3n nueva se ha propuesto organizar una Expo para Toay. Hac\u00eda muchos a\u00f1os que no se hac\u00eda la Expo ganadera e industrial. Siempre era una fiesta para Toay la feria. Bueno, nos quedamos sin feria y, despu\u00e9s de muchos a\u00f1os, estamos haciendo feria con Vicar. \u00bfQu\u00e9 nos faltaba? La Expo\u201d, explic\u00f3.<\/p>\n\n\n\n<p class=\"wp-block-paragraph\">En tanto, el titular de Vicar Ganadera, Ezequiel Gesualdi, puso el foco en el componente ganadero de la exposici\u00f3n y en el valor gen\u00e9tico de los reproductores que participar\u00e1n del remate. \u201cLe queremos agradecer a la Sociedad Rural de Toay que nos ha permitido, ya hace m\u00e1s de una d\u00e9cada, formar parte de esta comunidad a trav\u00e9s del predio. Estamos muy contentos con este nuevo proyecto de llevar adelante una exposici\u00f3n\u201d, expres\u00f3.<\/p>\n\n\n\n<p class=\"wp-block-paragraph\">Gesualdi detall\u00f3 que la muestra incluir\u00e1 el 15\u00ba Remate de Reproductores de Caba\u00f1as Pampeanas, una actividad que cada a\u00f1o re\u00fane a m\u00e1s de 20 caba\u00f1as de la provincia de La Pampa para presentar su gen\u00e9tica, que posteriormente se incorpora a rodeos comerciales. Adem\u00e1s, destac\u00f3 que, en esta edici\u00f3n, la Asociaci\u00f3n Argentina de Angus incorpor\u00f3 el remate al Circuito Angus Pampeano. \u201cEso permite que todos los reproductores que salgan a la venta cuenten con el auspicio de la Asociaci\u00f3n. Es un gran momento para seguir apostando a la ganader\u00eda\u201d, concluy\u00f3.<\/p>\n\n\n\n<p class=\"wp-block-paragraph\"><\/p>\n","protected":false},"excerpt":{"rendered":"<p>Luego de varios a\u00f1os de inactividad, la Exposici\u00f3n Rural de Toay volver\u00e1 a formar parte de la agenda productiva de la localidad. La muestra se realizar\u00e1 los d\u00edas 16, 17 y 18 de octubre en el predio de la Sociedad Rural de Toay y contar\u00e1 con el 15\u00ba Remate de Caba\u00f1as Pampeanas, que adem\u00e1s integrar\u00e1 el Circuito Angus Pampeano de la Asociaci\u00f3n Argentina de Angus.<\/p>\n","protected":false},"author":4,"featured_media":2369,"comment_status":"closed","ping_status":"closed","sticky":false,"template":"","format":"standard","meta":{"footnotes":""},"categories":[8,4],"tags":[187],"class_list":["post-2367","post","type-post","status-publish","format-standard","has-post-thumbnail","hentry","category-actualidad-del-campo","category-exposiciones-y-muestras-rurales","tag-produccion"],"yoast_head":"<!-- This site is optimized with the Yoast SEO plugin v28.3 - https:\/\/yoast.com\/product\/yoast-seo-wordpress\/ -->\n<title>Toay recupera su Exposici\u00f3n Rural despu\u00e9s de varios a\u00f1os<\/title>\n<meta name=\"robots\" content=\"index, follow, max-snippet:-1, max-image-preview:large, max-video-preview:-1\" \/>\n<link rel=\"canonical\" href=\"https:\/\/masindustrias.com.ar\/mas-campo\/2026\/09\/04\/actualidad-del-campo\/toay-recupera-su-exposicion-rural-despues-de-varios-anos\/\" \/>\n<meta property=\"og:locale\" content=\"es_ES\" \/>\n<meta property=\"og:type\" content=\"article\" \/>\n<meta property=\"og:title\" content=\"Toay recupera su Exposici\u00f3n Rural despu\u00e9s de varios a\u00f1os\" \/>\n<meta property=\"og:description\" content=\"Luego de varios a\u00f1os de inactividad, la Exposici\u00f3n Rural de Toay volver\u00e1 a formar parte de la agenda productiva de la localidad. La muestra se realizar\u00e1 los d\u00edas 16, 17 y 18 de octubre en el predio de la Sociedad Rural de Toay y contar\u00e1 con el 15\u00ba Remate de Caba\u00f1as Pampeanas, que adem\u00e1s integrar\u00e1 el Circuito Angus Pampeano de la Asociaci\u00f3n Argentina de Angus.\" \/>\n<meta property=\"og:url\" content=\"https:\/\/masindustrias.com.ar\/mas-campo\/2026\/09\/04\/actualidad-del-campo\/toay-recupera-su-exposicion-rural-despues-de-varios-anos\/\" \/>\n<meta property=\"og:site_name\" content=\"M\u00e1s Campo\" \/>\n<meta property=\"article:published_time\" content=\"2026-09-04T12:07:53+00:00\" \/>\n<meta property=\"article:modified_time\" content=\"2026-09-04T12:07:54+00:00\" \/>\n<meta property=\"og:image\" content=\"https:\/\/masindustrias.com.ar\/mas-campo\/wp-content\/uploads\/2026\/09\/Galeria-APN-27.jpeg\" \/>\n\t<meta property=\"og:image:width\" content=\"1200\" \/>\n\t<meta property=\"og:image:height\" content=\"800\" \/>\n\t<meta property=\"og:image:type\" content=\"image\/jpeg\" \/>\n<meta name=\"author\" content=\"Melina Vivalda\" \/>\n<meta name=\"twitter:card\" content=\"summary_large_image\" \/>\n<script type=\"application\/ld+json\" class=\"yoast-schema-graph\">{\"@context\":\"https:\\\/\\\/schema.org\",\"@graph\":[{\"@type\":\"NewsArticle\",\"@id\":\"https:\\\/\\\/masindustrias.com.ar\\\/mas-campo\\\/2026\\\/09\\\/04\\\/actualidad-del-campo\\\/toay-recupera-su-exposicion-rural-despues-de-varios-anos\\\/#article\",\"isPartOf\":{\"@id\":\"https:\\\/\\\/masindustrias.com.ar\\\/mas-campo\\\/2026\\\/09\\\/04\\\/actualidad-del-campo\\\/toay-recupera-su-exposicion-rural-despues-de-varios-anos\\\/\"},\"author\":{\"name\":\"Melina Vivalda\",\"@id\":\"https:\\\/\\\/masindustrias.com.ar\\\/mas-campo\\\/#\\\/schema\\\/person\\\/15852b639e050828fcc5acfd643151e1\"},\"headline\":\"Toay recupera su Exposici\u00f3n Rural despu\u00e9s de varios a\u00f1os\",\"datePublished\":\"2026-09-04T12:07:53+00:00\",\"dateModified\":\"2026-09-04T12:07:54+00:00\",\"mainEntityOfPage\":{\"@id\":\"https:\\\/\\\/masindustrias.com.ar\\\/mas-campo\\\/2026\\\/09\\\/04\\\/actualidad-del-campo\\\/toay-recupera-su-exposicion-rural-despues-de-varios-anos\\\/\"},\"wordCount\":662,\"publisher\":{\"@id\":\"https:\\\/\\\/masindustrias.com.ar\\\/mas-campo\\\/#organization\"},\"image\":{\"@id\":\"https:\\\/\\\/masindustrias.com.ar\\\/mas-campo\\\/2026\\\/09\\\/04\\\/actualidad-del-campo\\\/toay-recupera-su-exposicion-rural-despues-de-varios-anos\\\/#primaryimage\"},\"thumbnailUrl\":\"https:\\\/\\\/masindustrias.com.ar\\\/mas-campo\\\/wp-content\\\/uploads\\\/2026\\\/09\\\/Galeria-APN-27.jpeg\",\"keywords\":[\"Producci\u00f3n\"],\"articleSection\":[\"Actualidad\",\"Exposiciones y Muestras Rurales\"],\"inLanguage\":\"es-AR\",\"copyrightYear\":\"2026\",\"copyrightHolder\":{\"@id\":\"https:\\\/\\\/masindustrias.com.ar\\\/mas-campo\\\/#organization\"}},{\"@type\":\"WebPage\",\"@id\":\"https:\\\/\\\/masindustrias.com.ar\\\/mas-campo\\\/2026\\\/09\\\/04\\\/actualidad-del-campo\\\/toay-recupera-su-exposicion-rural-despues-de-varios-anos\\\/\",\"url\":\"https:\\\/\\\/masindustrias.com.ar\\\/mas-campo\\\/2026\\\/09\\\/04\\\/actualidad-del-campo\\\/toay-recupera-su-exposicion-rural-despues-de-varios-anos\\\/\",\"name\":\"Toay recupera su Exposici\u00f3n Rural despu\u00e9s de varios a\u00f1os\",\"isPartOf\":{\"@id\":\"https:\\\/\\\/masindustrias.com.ar\\\/mas-campo\\\/#website\"},\"primaryImageOfPage\":{\"@id\":\"https:\\\/\\\/masindustrias.com.ar\\\/mas-campo\\\/2026\\\/09\\\/04\\\/actualidad-del-campo\\\/toay-recupera-su-exposicion-rural-despues-de-varios-anos\\\/#primaryimage\"},\"image\":{\"@id\":\"https:\\\/\\\/masindustrias.com.ar\\\/mas-campo\\\/2026\\\/09\\\/04\\\/actualidad-del-campo\\\/toay-recupera-su-exposicion-rural-despues-de-varios-anos\\\/#primaryimage\"},\"thumbnailUrl\":\"https:\\\/\\\/masindustrias.com.ar\\\/mas-campo\\\/wp-content\\\/uploads\\\/2026\\\/09\\\/Galeria-APN-27.jpeg\",\"datePublished\":\"2026-09-04T12:07:53+00:00\",\"dateModified\":\"2026-09-04T12:07:54+00:00\",\"breadcrumb\":{\"@id\":\"https:\\\/\\\/masindustrias.com.ar\\\/mas-campo\\\/2026\\\/09\\\/04\\\/actualidad-del-campo\\\/toay-recupera-su-exposicion-rural-despues-de-varios-anos\\\/#breadcrumb\"},\"inLanguage\":\"es-AR\",\"potentialAction\":[{\"@type\":\"ReadAction\",\"target\":[\"https:\\\/\\\/masindustrias.com.ar\\\/mas-campo\\\/2026\\\/09\\\/04\\\/actualidad-del-campo\\\/toay-recupera-su-exposicion-rural-despues-de-varios-anos\\\/\"]}]},{\"@type\":\"ImageObject\",\"inLanguage\":\"es-AR\",\"@id\":\"https:\\\/\\\/masindustrias.com.ar\\\/mas-campo\\\/2026\\\/09\\\/04\\\/actualidad-del-campo\\\/toay-recupera-su-exposicion-rural-despues-de-varios-anos\\\/#primaryimage\",\"url\":\"https:\\\/\\\/masindustrias.com.ar\\\/mas-campo\\\/wp-content\\\/uploads\\\/2026\\\/09\\\/Galeria-APN-27.jpeg\",\"contentUrl\":\"https:\\\/\\\/masindustrias.com.ar\\\/mas-campo\\\/wp-content\\\/uploads\\\/2026\\\/09\\\/Galeria-APN-27.jpeg\",\"width\":1200,\"height\":800},{\"@type\":\"BreadcrumbList\",\"@id\":\"https:\\\/\\\/masindustrias.com.ar\\\/mas-campo\\\/2026\\\/09\\\/04\\\/actualidad-del-campo\\\/toay-recupera-su-exposicion-rural-despues-de-varios-anos\\\/#breadcrumb\",\"itemListElement\":[{\"@type\":\"ListItem\",\"position\":1,\"name\":\"Inicio\",\"item\":\"https:\\\/\\\/masindustrias.com.ar\\\/mas-campo\\\/\"},{\"@type\":\"ListItem\",\"position\":2,\"name\":\"Toay recupera su Exposici\u00f3n Rural despu\u00e9s de varios a\u00f1os\"}]},{\"@type\":\"WebSite\",\"@id\":\"https:\\\/\\\/masindustrias.com.ar\\\/mas-campo\\\/#website\",\"url\":\"https:\\\/\\\/masindustrias.com.ar\\\/mas-campo\\\/\",\"name\":\"M\u00e1s Campo\",\"description\":\"Actualidad del Campo y del Sector Agropecuario de Bah\u00eda Blanca y la Regi\u00f3n\",\"publisher\":{\"@id\":\"https:\\\/\\\/masindustrias.com.ar\\\/mas-campo\\\/#organization\"},\"alternateName\":\"M\u00e1s Campo\",\"potentialAction\":[{\"@type\":\"SearchAction\",\"target\":{\"@type\":\"EntryPoint\",\"urlTemplate\":\"https:\\\/\\\/masindustrias.com.ar\\\/mas-campo\\\/?s={search_term_string}\"},\"query-input\":{\"@type\":\"PropertyValueSpecification\",\"valueRequired\":true,\"valueName\":\"search_term_string\"}}],\"inLanguage\":\"es-AR\"},{\"@type\":\"Organization\",\"@id\":\"https:\\\/\\\/masindustrias.com.ar\\\/mas-campo\\\/#organization\",\"name\":\"M\u00e1s Campo\",\"url\":\"https:\\\/\\\/masindustrias.com.ar\\\/mas-campo\\\/\",\"logo\":{\"@type\":\"ImageObject\",\"inLanguage\":\"es-AR\",\"@id\":\"https:\\\/\\\/masindustrias.com.ar\\\/mas-campo\\\/#\\\/schema\\\/logo\\\/image\\\/\",\"url\":\"https:\\\/\\\/masindustrias.com.ar\\\/mas-campo\\\/wp-content\\\/uploads\\\/2025\\\/08\\\/mas-campo-noticias-agicolas.svg\",\"contentUrl\":\"https:\\\/\\\/masindustrias.com.ar\\\/mas-campo\\\/wp-content\\\/uploads\\\/2025\\\/08\\\/mas-campo-noticias-agicolas.svg\",\"width\":455,\"height\":69,\"caption\":\"M\u00e1s Campo\"},\"image\":{\"@id\":\"https:\\\/\\\/masindustrias.com.ar\\\/mas-campo\\\/#\\\/schema\\\/logo\\\/image\\\/\"}},{\"@type\":\"Person\",\"@id\":\"https:\\\/\\\/masindustrias.com.ar\\\/mas-campo\\\/#\\\/schema\\\/person\\\/15852b639e050828fcc5acfd643151e1\",\"name\":\"Melina Vivalda\",\"description\":\"Licenciada en Comunicaci\u00f3n Social, recibida de la UNLPam. Periodista y Community Manager.\",\"sameAs\":[\"https:\\\/\\\/www.linkedin.com\\\/in\\\/melina-vivalda-a04675285?\"],\"url\":\"https:\\\/\\\/masindustrias.com.ar\\\/mas-campo\\\/author\\\/m-vilvalda\\\/\"}]}<\/script>\n<!-- \/ Yoast SEO plugin. -->","yoast_head_json":{"title":"Toay recupera su Exposici\u00f3n Rural despu\u00e9s de varios a\u00f1os","robots":{"index":"index","follow":"follow","max-snippet":"max-snippet:-1","max-image-preview":"max-image-preview:large","max-video-preview":"max-video-preview:-1"},"canonical":"https:\/\/masindustrias.com.ar\/mas-campo\/2026\/09\/04\/actualidad-del-campo\/toay-recupera-su-exposicion-rural-despues-de-varios-anos\/","og_locale":"es_ES","og_type":"article","og_title":"Toay recupera su Exposici\u00f3n Rural despu\u00e9s de varios a\u00f1os","og_description":"Luego de varios a\u00f1os de inactividad, la Exposici\u00f3n Rural de Toay volver\u00e1 a formar parte de la agenda productiva de la localidad. La muestra se realizar\u00e1 los d\u00edas 16, 17 y 18 de octubre en el predio de la Sociedad Rural de Toay y contar\u00e1 con el 15\u00ba Remate de Caba\u00f1as Pampeanas, que adem\u00e1s integrar\u00e1 el Circuito Angus Pampeano de la Asociaci\u00f3n Argentina de Angus.","og_url":"https:\/\/masindustrias.com.ar\/mas-campo\/2026\/09\/04\/actualidad-del-campo\/toay-recupera-su-exposicion-rural-despues-de-varios-anos\/","og_site_name":"M\u00e1s Campo","article_published_time":"2026-09-04T12:07:53+00:00","article_modified_time":"2026-09-04T12:07:54+00:00","og_image":[{"width":1200,"height":800,"url":"https:\/\/masindustrias.com.ar\/mas-campo\/wp-content\/uploads\/2026\/09\/Galeria-APN-27.jpeg","type":"image\/jpeg"}],"author":"Melina Vivalda","twitter_card":"summary_large_image","schema":{"@context":"https:\/\/schema.org","@graph":[{"@type":"NewsArticle","@id":"https:\/\/masindustrias.com.ar\/mas-campo\/2026\/09\/04\/actualidad-del-campo\/toay-recupera-su-exposicion-rural-despues-de-varios-anos\/#article","isPartOf":{"@id":"https:\/\/masindustrias.com.ar\/mas-campo\/2026\/09\/04\/actualidad-del-campo\/toay-recupera-su-exposicion-rural-despues-de-varios-anos\/"},"author":{"name":"Melina Vivalda","@id":"https:\/\/masindustrias.com.ar\/mas-campo\/#\/schema\/person\/15852b639e050828fcc5acfd643151e1"},"headline":"Toay recupera su Exposici\u00f3n Rural despu\u00e9s de varios a\u00f1os","datePublished":"2026-09-04T12:07:53+00:00","dateModified":"2026-09-04T12:07:54+00:00","mainEntityOfPage":{"@id":"https:\/\/masindustrias.com.ar\/mas-campo\/2026\/09\/04\/actualidad-del-campo\/toay-recupera-su-exposicion-rural-despues-de-varios-anos\/"},"wordCount":662,"publisher":{"@id":"https:\/\/masindustrias.com.ar\/mas-campo\/#organization"},"image":{"@id":"https:\/\/masindustrias.com.ar\/mas-campo\/2026\/09\/04\/actualidad-del-campo\/toay-recupera-su-exposicion-rural-despues-de-varios-anos\/#primaryimage"},"thumbnailUrl":"https:\/\/masindustrias.com.ar\/mas-campo\/wp-content\/uploads\/2026\/09\/Galeria-APN-27.jpeg","keywords":["Producci\u00f3n"],"articleSection":["Actualidad","Exposiciones y Muestras Rurales"],"inLanguage":"es-AR","copyrightYear":"2026","copyrightHolder":{"@id":"https:\/\/masindustrias.com.ar\/mas-campo\/#organization"}},{"@type":"WebPage","@id":"https:\/\/masindustrias.com.ar\/mas-campo\/2026\/09\/04\/actualidad-del-campo\/toay-recupera-su-exposicion-rural-despues-de-varios-anos\/","url":"https:\/\/masindustrias.com.ar\/mas-campo\/2026\/09\/04\/actualidad-del-campo\/toay-recupera-su-exposicion-rural-despues-de-varios-anos\/","name":"Toay recupera su Exposici\u00f3n Rural despu\u00e9s de varios a\u00f1os","isPartOf":{"@id":"https:\/\/masindustrias.com.ar\/mas-campo\/#website"},"primaryImageOfPage":{"@id":"https:\/\/masindustrias.com.ar\/mas-campo\/2026\/09\/04\/actualidad-del-campo\/toay-recupera-su-exposicion-rural-despues-de-varios-anos\/#primaryimage"},"image":{"@id":"https:\/\/masindustrias.com.ar\/mas-campo\/2026\/09\/04\/actualidad-del-campo\/toay-recupera-su-exposicion-rural-despues-de-varios-anos\/#primaryimage"},"thumbnailUrl":"https:\/\/masindustrias.com.ar\/mas-campo\/wp-content\/uploads\/2026\/09\/Galeria-APN-27.jpeg","datePublished":"2026-09-04T12:07:53+00:00","dateModified":"2026-09-04T12:07:54+00:00","breadcrumb":{"@id":"https:\/\/masindustrias.com.ar\/mas-campo\/2026\/09\/04\/actualidad-del-campo\/toay-recupera-su-exposicion-rural-despues-de-varios-anos\/#breadcrumb"},"inLanguage":"es-AR","potentialAction":[{"@type":"ReadAction","target":["https:\/\/masindustrias.com.ar\/mas-campo\/2026\/09\/04\/actualidad-del-campo\/toay-recupera-su-exposicion-rural-despues-de-varios-anos\/"]}]},{"@type":"ImageObject","inLanguage":"es-AR","@id":"https:\/\/masindustrias.com.ar\/mas-campo\/2026\/09\/04\/actualidad-del-campo\/toay-recupera-su-exposicion-rural-despues-de-varios-anos\/#primaryimage","url":"https:\/\/masindustrias.com.ar\/mas-campo\/wp-content\/uploads\/2026\/09\/Galeria-APN-27.jpeg","contentUrl":"https:\/\/masindustrias.com.ar\/mas-campo\/wp-content\/uploads\/2026\/09\/Galeria-APN-27.jpeg","width":1200,"height":800},{"@type":"BreadcrumbList","@id":"https:\/\/masindustrias.com.ar\/mas-campo\/2026\/09\/04\/actualidad-del-campo\/toay-recupera-su-exposicion-rural-despues-de-varios-anos\/#breadcrumb","itemListElement":[{"@type":"ListItem","position":1,"name":"Inicio","item":"https:\/\/masindustrias.com.ar\/mas-campo\/"},{"@type":"ListItem","position":2,"name":"Toay recupera su Exposici\u00f3n Rural despu\u00e9s de varios a\u00f1os"}]},{"@type":"WebSite","@id":"https:\/\/masindustrias.com.ar\/mas-campo\/#website","url":"https:\/\/masindustrias.com.ar\/mas-campo\/","name":"M\u00e1s Campo","description":"Actualidad del Campo y del Sector Agropecuario de Bah\u00eda Blanca y la Regi\u00f3n","publisher":{"@id":"https:\/\/masindustrias.com.ar\/mas-campo\/#organization"},"alternateName":"M\u00e1s Campo","potentialAction":[{"@type":"SearchAction","target":{"@type":"EntryPoint","urlTemplate":"https:\/\/masindustrias.com.ar\/mas-campo\/?s={search_term_string}"},"query-input":{"@type":"PropertyValueSpecification","valueRequired":true,"valueName":"search_term_string"}}],"inLanguage":"es-AR"},{"@type":"Organization","@id":"https:\/\/masindustrias.com.ar\/mas-campo\/#organization","name":"M\u00e1s Campo","url":"https:\/\/masindustrias.com.ar\/mas-campo\/","logo":{"@type":"ImageObject","inLanguage":"es-AR","@id":"https:\/\/masindustrias.com.ar\/mas-campo\/#\/schema\/logo\/image\/","url":"https:\/\/masindustrias.com.ar\/mas-campo\/wp-content\/uploads\/2025\/08\/mas-campo-noticias-agicolas.svg","contentUrl":"https:\/\/masindustrias.com.ar\/mas-campo\/wp-content\/uploads\/2025\/08\/mas-campo-noticias-agicolas.svg","width":455,"height":69,"caption":"M\u00e1s Campo"},"image":{"@id":"https:\/\/masindustrias.com.ar\/mas-campo\/#\/schema\/logo\/image\/"}},{"@type":"Person","@id":"https:\/\/masindustrias.com.ar\/mas-campo\/#\/schema\/person\/15852b639e050828fcc5acfd643151e1","name":"Melina Vivalda","description":"Licenciada en Comunicaci\u00f3n Social, recibida de la UNLPam. Periodista y Community Manager.","sameAs":["https:\/\/www.linkedin.com\/in\/melina-vivalda-a04675285?"],"url":"https:\/\/masindustrias.com.ar\/mas-campo\/author\/m-vilvalda\/"}]}},"_links":{"self":[{"href":"https:\/\/masindustrias.com.ar\/mas-campo\/wp-json\/wp\/v2\/posts\/2367","targetHints":{"allow":["GET"]}}],"collection":[{"href":"https:\/\/masindustrias.com.ar\/mas-campo\/wp-json\/wp\/v2\/posts"}],"about":[{"href":"https:\/\/masindustrias.com.ar\/mas-campo\/wp-json\/wp\/v2\/types\/post"}],"author":[{"embeddable":true,"href":"https:\/\/masindustrias.com.ar\/mas-campo\/wp-json\/wp\/v2\/users\/4"}],"replies":[{"embeddable":true,"href":"https:\/\/masindustrias.com.ar\/mas-campo\/wp-json\/wp\/v2\/comments?post=2367"}],"version-history":[{"count":2,"href":"https:\/\/masindustrias.com.ar\/mas-campo\/wp-json\/wp\/v2\/posts\/2367\/revisions"}],"predecessor-version":[{"id":2370,"href":"https:\/\/masindustrias.com.ar\/mas-campo\/wp-json\/wp\/v2\/posts\/2367\/revisions\/2370"}],"wp:featuredmedia":[{"embeddable":true,"href":"https:\/\/masindustrias.com.ar\/mas-campo\/wp-json\/wp\/v2\/media\/2369"}],"wp:attachment":[{"href":"https:\/\/masindustrias.com.ar\/mas-campo\/wp-json\/wp\/v2\/media?parent=2367"}],"wp:term":[{"taxonomy":"category","embeddable":true,"href":"https:\/\/masindustrias.com.ar\/mas-campo\/wp-json\/wp\/v2\/categories?post=2367"},{"taxonomy":"post_tag","embeddable":true,"href":"https:\/\/masindustrias.com.ar\/mas-campo\/wp-json\/wp\/v2\/tags?post=2367"}],"curies":[{"name":"wp","href":"https:\/\/api.w.org\/{rel}","templated":true}]}}