{"id":2337,"date":"2026-09-02T18:00:00","date_gmt":"2026-09-02T21:00:00","guid":{"rendered":"https:\/\/masindustrias.com.ar\/mas-campo\/?p=2337"},"modified":"2026-09-01T21:51:34","modified_gmt":"2026-09-02T00:51:34","slug":"terneros-el-traslado-cae-un-29-en-lo-que-va-del-corriente-ano","status":"publish","type":"post","link":"https:\/\/masindustrias.com.ar\/mas-campo\/2026\/09\/02\/ganaderia\/terneros-el-traslado-cae-un-29-en-lo-que-va-del-corriente-ano\/","title":{"rendered":"Terneros: el traslado cae un 29 % en lo que va del corriente a\u00f1o"},"content":{"rendered":"\n<p class=\"wp-block-paragraph\">El movimiento de hacienda liviana en la Argentina atraviesa un escenario de aparente y pronunciada contracci\u00f3n. De acuerdo con las estad\u00edsticas oficiales de traslados publicadas por el Servicio Nacional de Sanidad y Calidad Agroalimentaria (Senasa), basadas en las declaraciones de los Documentos de Tr\u00e1nsito electr\u00f3nico (DTe), <strong>en lo que va del a\u00f1o el n\u00famero de terneros y terneras que salieron de los campos de cr\u00eda asciende a 5,77 millones de cabezas.<\/strong><\/p>\n\n\n\n<p class=\"wp-block-paragraph\">Esta cifra representa una baja del 29 % en comparaci\u00f3n con el volumen registrado en el mismo per\u00edodo (enero-agosto) de 2025.<\/p>\n\n\n\n<blockquote class=\"wp-block-quote is-layout-flow wp-block-quote-is-layout-flow\">\n<p class=\"wp-block-paragraph\">El enfriamiento de los traslados con destino a cr\u00eda o invernada se hizo sentir con especial fuerza durante el \u00faltimo mes. A lo largo de agosto, salieron de los establecimientos de origen un total de 275.484 terneros y terneras.<\/p>\n<\/blockquote>\n\n\n\n<p class=\"wp-block-paragraph\">Al comparar este desempe\u00f1o con el mes previo, se observa un retroceso del 35 % frente a las 424.537 cabezas movilizadas en julio. Sin embargo, <strong>el contraste m\u00e1s severo se da en la medici\u00f3n interanual: el volumen de agosto se desplom\u00f3 un 64 % en relaci\u00f3n con el mismo mes del a\u00f1o pasado<\/strong>, per\u00edodo en el cual se hab\u00edan trasladado 767.730 animales de la misma categor\u00eda.<\/p>\n\n\n\n<p class=\"wp-block-paragraph\">Si bien el derrumbe de las cifras estad\u00edsticas es innegable y contundente, analistas y operadores del sector advierten que <strong>este comportamiento podr\u00eda estar influenciado por cambios de car\u00e1cter normativo y administrativo m\u00e1s que por una liquidaci\u00f3n real o falta de hacienda disponible.<\/strong><\/p>\n\n\n\n<p class=\"wp-block-paragraph\">En el transcurso de este a\u00f1o se han introducido dos modificaciones de gran impacto en la gesti\u00f3n del rodeo nacional:<\/p>\n\n\n\n<p class=\"wp-block-paragraph\"><strong>\u2014La implementaci\u00f3n de la caravana electr\u00f3nica<\/strong> obligatoria para la identificaci\u00f3n de terneros.<\/p>\n\n\n\n<p class=\"wp-block-paragraph\"><strong>\u2014Los cambios operativos<\/strong> en el esquema de vacunaci\u00f3n contra la fiebre aftosa.<\/p>\n\n\n\n<p class=\"wp-block-paragraph\">Estas modificaciones regulatorias podr\u00edan estar distorsionando la manera en que los productores declaran las categor\u00edas al momento de emitir el DTe, provocando que parte de los animales que antes se registraban como terneros o terneras hoy ingresen al sistema bajo otras denominaciones.<\/p>\n\n\n\n<h2 class=\"wp-block-heading\">La mirada global del rodeo joven<\/h2>\n\n\n\n<p class=\"wp-block-paragraph\">La teor\u00eda de un desv\u00edo administrativo cobra fuerza al ampliar el an\u00e1lisis a categor\u00edas de animales ligeramente m\u00e1s pesados.<\/p>\n\n\n\n<p class=\"wp-block-paragraph\">Al consolidar los traslados de terneros y terneras junto con los de novillitos y vaquillonas,<strong> la ca\u00edda interanual acumulada cambia dr\u00e1sticamente: se reduce a tan solo un 5 %.<\/strong><\/p>\n\n\n\n<figure class=\"wp-block-image size-large\"><img fetchpriority=\"high\" decoding=\"async\" width=\"1024\" height=\"697\" src=\"https:\/\/masindustrias.com.ar\/mas-campo\/wp-content\/uploads\/2026\/09\/Hereford-1024x697.jpg\" alt=\"\" class=\"wp-image-2339\" srcset=\"https:\/\/masindustrias.com.ar\/mas-campo\/wp-content\/uploads\/2026\/09\/Hereford-1024x697.jpg 1024w, https:\/\/masindustrias.com.ar\/mas-campo\/wp-content\/uploads\/2026\/09\/Hereford-300x204.jpg 300w, https:\/\/masindustrias.com.ar\/mas-campo\/wp-content\/uploads\/2026\/09\/Hereford-767x522.jpg 767w, https:\/\/masindustrias.com.ar\/mas-campo\/wp-content\/uploads\/2026\/09\/Hereford.jpg 1200w\" sizes=\"(max-width: 1024px) 100vw, 1024px\" \/><\/figure>\n\n\n\n<p class=\"wp-block-paragraph\">En total, sumando estas cuatro categor\u00edas, el volumen de movimientos a la fecha se sit\u00faa en 10,7 millones de cabezas.<\/p>\n\n\n\n<p class=\"wp-block-paragraph\">Esta diferencia tan marcada entre la fuerte ca\u00edda de los terneros puros (-29 %) y<strong> la estabilidad relativa del conjunto de la hacienda joven (-5 %) sugiere que gran parte del faltante responde, fundamentalmente, a un reencuadre en las declaraciones de los rodeos<\/strong> m\u00e1s que a un vac\u00edo genuino en la oferta de invernada.<\/p>\n\n\n\n<p class=\"wp-block-paragraph\"><em>Fuente: Rosgan<\/em><\/p>\n","protected":false},"excerpt":{"rendered":"<p>La fuerte retracci\u00f3n en el movimiento de animales livianos aparecen en los registros del Senasa.<\/p>\n","protected":false},"author":1,"featured_media":2338,"comment_status":"closed","ping_status":"closed","sticky":true,"template":"","format":"standard","meta":{"footnotes":""},"categories":[2],"tags":[159,412,411,178],"class_list":["post-2337","post","type-post","status-publish","format-standard","has-post-thumbnail","hentry","category-ganaderia","tag-bovinos","tag-caravana-electronica","tag-dte","tag-senasa"],"yoast_head":"<!-- This site is optimized with the Yoast SEO plugin v28.3 - https:\/\/yoast.com\/product\/yoast-seo-wordpress\/ -->\n<title>Terneros: el traslado cae un 29 % en lo que va del corriente a\u00f1o<\/title>\n<meta name=\"robots\" content=\"index, follow, max-snippet:-1, max-image-preview:large, max-video-preview:-1\" \/>\n<link rel=\"canonical\" href=\"https:\/\/masindustrias.com.ar\/mas-campo\/2026\/09\/02\/ganaderia\/terneros-el-traslado-cae-un-29-en-lo-que-va-del-corriente-ano\/\" \/>\n<meta property=\"og:locale\" content=\"es_ES\" \/>\n<meta property=\"og:type\" content=\"article\" \/>\n<meta property=\"og:title\" content=\"Terneros: el traslado cae un 29 % en lo que va del corriente a\u00f1o\" \/>\n<meta property=\"og:description\" content=\"La fuerte retracci\u00f3n en el movimiento de animales livianos aparecen en los registros del Senasa.\" \/>\n<meta property=\"og:url\" content=\"https:\/\/masindustrias.com.ar\/mas-campo\/2026\/09\/02\/ganaderia\/terneros-el-traslado-cae-un-29-en-lo-que-va-del-corriente-ano\/\" \/>\n<meta property=\"og:site_name\" content=\"M\u00e1s Campo\" \/>\n<meta property=\"article:published_time\" content=\"2026-09-02T21:00:00+00:00\" \/>\n<meta property=\"og:image\" content=\"https:\/\/masindustrias.com.ar\/mas-campo\/wp-content\/uploads\/2026\/09\/Terneros.jpg\" \/>\n\t<meta property=\"og:image:width\" content=\"1024\" \/>\n\t<meta property=\"og:image:height\" content=\"746\" \/>\n\t<meta property=\"og:image:type\" content=\"image\/jpeg\" \/>\n<meta name=\"author\" content=\"Redacci\u00f3n M\u00e1s Campo\" \/>\n<meta name=\"twitter:card\" content=\"summary_large_image\" \/>\n<script type=\"application\/ld+json\" class=\"yoast-schema-graph\">{\"@context\":\"https:\\\/\\\/schema.org\",\"@graph\":[{\"@type\":\"NewsArticle\",\"@id\":\"https:\\\/\\\/masindustrias.com.ar\\\/mas-campo\\\/2026\\\/09\\\/02\\\/ganaderia\\\/terneros-el-traslado-cae-un-29-en-lo-que-va-del-corriente-ano\\\/#article\",\"isPartOf\":{\"@id\":\"https:\\\/\\\/masindustrias.com.ar\\\/mas-campo\\\/2026\\\/09\\\/02\\\/ganaderia\\\/terneros-el-traslado-cae-un-29-en-lo-que-va-del-corriente-ano\\\/\"},\"author\":{\"name\":\"Redacci\u00f3n M\u00e1s Campo\",\"@id\":\"https:\\\/\\\/masindustrias.com.ar\\\/mas-campo\\\/#\\\/schema\\\/person\\\/628d97aab99dad3321861bf7ce753fd1\"},\"headline\":\"Terneros: el traslado cae un 29 % en lo que va del corriente a\u00f1o\",\"datePublished\":\"2026-09-02T21:00:00+00:00\",\"mainEntityOfPage\":{\"@id\":\"https:\\\/\\\/masindustrias.com.ar\\\/mas-campo\\\/2026\\\/09\\\/02\\\/ganaderia\\\/terneros-el-traslado-cae-un-29-en-lo-que-va-del-corriente-ano\\\/\"},\"wordCount\":495,\"publisher\":{\"@id\":\"https:\\\/\\\/masindustrias.com.ar\\\/mas-campo\\\/#organization\"},\"image\":{\"@id\":\"https:\\\/\\\/masindustrias.com.ar\\\/mas-campo\\\/2026\\\/09\\\/02\\\/ganaderia\\\/terneros-el-traslado-cae-un-29-en-lo-que-va-del-corriente-ano\\\/#primaryimage\"},\"thumbnailUrl\":\"https:\\\/\\\/masindustrias.com.ar\\\/mas-campo\\\/wp-content\\\/uploads\\\/2026\\\/09\\\/Terneros.jpg\",\"keywords\":[\"Bovinos\",\"Caravana electr\u00f3nica\",\"DTe\",\"Senasa\"],\"articleSection\":[\"Ganader\u00eda\"],\"inLanguage\":\"es-AR\",\"copyrightYear\":\"2026\",\"copyrightHolder\":{\"@id\":\"https:\\\/\\\/masindustrias.com.ar\\\/mas-campo\\\/#organization\"}},{\"@type\":\"WebPage\",\"@id\":\"https:\\\/\\\/masindustrias.com.ar\\\/mas-campo\\\/2026\\\/09\\\/02\\\/ganaderia\\\/terneros-el-traslado-cae-un-29-en-lo-que-va-del-corriente-ano\\\/\",\"url\":\"https:\\\/\\\/masindustrias.com.ar\\\/mas-campo\\\/2026\\\/09\\\/02\\\/ganaderia\\\/terneros-el-traslado-cae-un-29-en-lo-que-va-del-corriente-ano\\\/\",\"name\":\"Terneros: el traslado cae un 29 % en lo que va del corriente a\u00f1o\",\"isPartOf\":{\"@id\":\"https:\\\/\\\/masindustrias.com.ar\\\/mas-campo\\\/#website\"},\"primaryImageOfPage\":{\"@id\":\"https:\\\/\\\/masindustrias.com.ar\\\/mas-campo\\\/2026\\\/09\\\/02\\\/ganaderia\\\/terneros-el-traslado-cae-un-29-en-lo-que-va-del-corriente-ano\\\/#primaryimage\"},\"image\":{\"@id\":\"https:\\\/\\\/masindustrias.com.ar\\\/mas-campo\\\/2026\\\/09\\\/02\\\/ganaderia\\\/terneros-el-traslado-cae-un-29-en-lo-que-va-del-corriente-ano\\\/#primaryimage\"},\"thumbnailUrl\":\"https:\\\/\\\/masindustrias.com.ar\\\/mas-campo\\\/wp-content\\\/uploads\\\/2026\\\/09\\\/Terneros.jpg\",\"datePublished\":\"2026-09-02T21:00:00+00:00\",\"breadcrumb\":{\"@id\":\"https:\\\/\\\/masindustrias.com.ar\\\/mas-campo\\\/2026\\\/09\\\/02\\\/ganaderia\\\/terneros-el-traslado-cae-un-29-en-lo-que-va-del-corriente-ano\\\/#breadcrumb\"},\"inLanguage\":\"es-AR\",\"potentialAction\":[{\"@type\":\"ReadAction\",\"target\":[\"https:\\\/\\\/masindustrias.com.ar\\\/mas-campo\\\/2026\\\/09\\\/02\\\/ganaderia\\\/terneros-el-traslado-cae-un-29-en-lo-que-va-del-corriente-ano\\\/\"]}]},{\"@type\":\"ImageObject\",\"inLanguage\":\"es-AR\",\"@id\":\"https:\\\/\\\/masindustrias.com.ar\\\/mas-campo\\\/2026\\\/09\\\/02\\\/ganaderia\\\/terneros-el-traslado-cae-un-29-en-lo-que-va-del-corriente-ano\\\/#primaryimage\",\"url\":\"https:\\\/\\\/masindustrias.com.ar\\\/mas-campo\\\/wp-content\\\/uploads\\\/2026\\\/09\\\/Terneros.jpg\",\"contentUrl\":\"https:\\\/\\\/masindustrias.com.ar\\\/mas-campo\\\/wp-content\\\/uploads\\\/2026\\\/09\\\/Terneros.jpg\",\"width\":1024,\"height\":746,\"caption\":\"Los cambios en la vacunaci\u00f3n de aftosa y la caravana electr\u00f3nica estar\u00edan alterando la estad\u00edstica de categor\u00edas.\"},{\"@type\":\"BreadcrumbList\",\"@id\":\"https:\\\/\\\/masindustrias.com.ar\\\/mas-campo\\\/2026\\\/09\\\/02\\\/ganaderia\\\/terneros-el-traslado-cae-un-29-en-lo-que-va-del-corriente-ano\\\/#breadcrumb\",\"itemListElement\":[{\"@type\":\"ListItem\",\"position\":1,\"name\":\"Inicio\",\"item\":\"https:\\\/\\\/masindustrias.com.ar\\\/mas-campo\\\/\"},{\"@type\":\"ListItem\",\"position\":2,\"name\":\"Terneros: el traslado cae un 29 % en lo que va del corriente a\u00f1o\"}]},{\"@type\":\"WebSite\",\"@id\":\"https:\\\/\\\/masindustrias.com.ar\\\/mas-campo\\\/#website\",\"url\":\"https:\\\/\\\/masindustrias.com.ar\\\/mas-campo\\\/\",\"name\":\"M\u00e1s Campo\",\"description\":\"Actualidad del Campo y del Sector Agropecuario de Bah\u00eda Blanca y la Regi\u00f3n\",\"publisher\":{\"@id\":\"https:\\\/\\\/masindustrias.com.ar\\\/mas-campo\\\/#organization\"},\"alternateName\":\"M\u00e1s Campo\",\"potentialAction\":[{\"@type\":\"SearchAction\",\"target\":{\"@type\":\"EntryPoint\",\"urlTemplate\":\"https:\\\/\\\/masindustrias.com.ar\\\/mas-campo\\\/?s={search_term_string}\"},\"query-input\":{\"@type\":\"PropertyValueSpecification\",\"valueRequired\":true,\"valueName\":\"search_term_string\"}}],\"inLanguage\":\"es-AR\"},{\"@type\":\"Organization\",\"@id\":\"https:\\\/\\\/masindustrias.com.ar\\\/mas-campo\\\/#organization\",\"name\":\"M\u00e1s Campo\",\"url\":\"https:\\\/\\\/masindustrias.com.ar\\\/mas-campo\\\/\",\"logo\":{\"@type\":\"ImageObject\",\"inLanguage\":\"es-AR\",\"@id\":\"https:\\\/\\\/masindustrias.com.ar\\\/mas-campo\\\/#\\\/schema\\\/logo\\\/image\\\/\",\"url\":\"https:\\\/\\\/masindustrias.com.ar\\\/mas-campo\\\/wp-content\\\/uploads\\\/2025\\\/08\\\/mas-campo-noticias-agicolas.svg\",\"contentUrl\":\"https:\\\/\\\/masindustrias.com.ar\\\/mas-campo\\\/wp-content\\\/uploads\\\/2025\\\/08\\\/mas-campo-noticias-agicolas.svg\",\"width\":455,\"height\":69,\"caption\":\"M\u00e1s Campo\"},\"image\":{\"@id\":\"https:\\\/\\\/masindustrias.com.ar\\\/mas-campo\\\/#\\\/schema\\\/logo\\\/image\\\/\"}},{\"@type\":\"Person\",\"@id\":\"https:\\\/\\\/masindustrias.com.ar\\\/mas-campo\\\/#\\\/schema\\\/person\\\/628d97aab99dad3321861bf7ce753fd1\",\"name\":\"Redacci\u00f3n M\u00e1s Campo\",\"description\":\"Redacci\u00f3n de M\u00e1s Campo, el medio de comunicaci\u00f3n de Bah\u00eda Blanca, el sudoeste de la provincia de Buenos Aires y la regi\u00f3n, especializado en ganader\u00eda y agricultura.\",\"sameAs\":[\"https:\\\/\\\/masindustrias.com.ar\\\/mas-campo\"],\"url\":\"https:\\\/\\\/masindustrias.com.ar\\\/mas-campo\\\/author\\\/mas-campo\\\/\"}]}<\/script>\n<!-- \/ Yoast SEO plugin. -->","yoast_head_json":{"title":"Terneros: el traslado cae un 29 % en lo que va del corriente a\u00f1o","robots":{"index":"index","follow":"follow","max-snippet":"max-snippet:-1","max-image-preview":"max-image-preview:large","max-video-preview":"max-video-preview:-1"},"canonical":"https:\/\/masindustrias.com.ar\/mas-campo\/2026\/09\/02\/ganaderia\/terneros-el-traslado-cae-un-29-en-lo-que-va-del-corriente-ano\/","og_locale":"es_ES","og_type":"article","og_title":"Terneros: el traslado cae un 29 % en lo que va del corriente a\u00f1o","og_description":"La fuerte retracci\u00f3n en el movimiento de animales livianos aparecen en los registros del Senasa.","og_url":"https:\/\/masindustrias.com.ar\/mas-campo\/2026\/09\/02\/ganaderia\/terneros-el-traslado-cae-un-29-en-lo-que-va-del-corriente-ano\/","og_site_name":"M\u00e1s Campo","article_published_time":"2026-09-02T21:00:00+00:00","og_image":[{"width":1024,"height":746,"url":"https:\/\/masindustrias.com.ar\/mas-campo\/wp-content\/uploads\/2026\/09\/Terneros.jpg","type":"image\/jpeg"}],"author":"Redacci\u00f3n M\u00e1s Campo","twitter_card":"summary_large_image","schema":{"@context":"https:\/\/schema.org","@graph":[{"@type":"NewsArticle","@id":"https:\/\/masindustrias.com.ar\/mas-campo\/2026\/09\/02\/ganaderia\/terneros-el-traslado-cae-un-29-en-lo-que-va-del-corriente-ano\/#article","isPartOf":{"@id":"https:\/\/masindustrias.com.ar\/mas-campo\/2026\/09\/02\/ganaderia\/terneros-el-traslado-cae-un-29-en-lo-que-va-del-corriente-ano\/"},"author":{"name":"Redacci\u00f3n M\u00e1s Campo","@id":"https:\/\/masindustrias.com.ar\/mas-campo\/#\/schema\/person\/628d97aab99dad3321861bf7ce753fd1"},"headline":"Terneros: el traslado cae un 29 % en lo que va del corriente a\u00f1o","datePublished":"2026-09-02T21:00:00+00:00","mainEntityOfPage":{"@id":"https:\/\/masindustrias.com.ar\/mas-campo\/2026\/09\/02\/ganaderia\/terneros-el-traslado-cae-un-29-en-lo-que-va-del-corriente-ano\/"},"wordCount":495,"publisher":{"@id":"https:\/\/masindustrias.com.ar\/mas-campo\/#organization"},"image":{"@id":"https:\/\/masindustrias.com.ar\/mas-campo\/2026\/09\/02\/ganaderia\/terneros-el-traslado-cae-un-29-en-lo-que-va-del-corriente-ano\/#primaryimage"},"thumbnailUrl":"https:\/\/masindustrias.com.ar\/mas-campo\/wp-content\/uploads\/2026\/09\/Terneros.jpg","keywords":["Bovinos","Caravana electr\u00f3nica","DTe","Senasa"],"articleSection":["Ganader\u00eda"],"inLanguage":"es-AR","copyrightYear":"2026","copyrightHolder":{"@id":"https:\/\/masindustrias.com.ar\/mas-campo\/#organization"}},{"@type":"WebPage","@id":"https:\/\/masindustrias.com.ar\/mas-campo\/2026\/09\/02\/ganaderia\/terneros-el-traslado-cae-un-29-en-lo-que-va-del-corriente-ano\/","url":"https:\/\/masindustrias.com.ar\/mas-campo\/2026\/09\/02\/ganaderia\/terneros-el-traslado-cae-un-29-en-lo-que-va-del-corriente-ano\/","name":"Terneros: el traslado cae un 29 % en lo que va del corriente a\u00f1o","isPartOf":{"@id":"https:\/\/masindustrias.com.ar\/mas-campo\/#website"},"primaryImageOfPage":{"@id":"https:\/\/masindustrias.com.ar\/mas-campo\/2026\/09\/02\/ganaderia\/terneros-el-traslado-cae-un-29-en-lo-que-va-del-corriente-ano\/#primaryimage"},"image":{"@id":"https:\/\/masindustrias.com.ar\/mas-campo\/2026\/09\/02\/ganaderia\/terneros-el-traslado-cae-un-29-en-lo-que-va-del-corriente-ano\/#primaryimage"},"thumbnailUrl":"https:\/\/masindustrias.com.ar\/mas-campo\/wp-content\/uploads\/2026\/09\/Terneros.jpg","datePublished":"2026-09-02T21:00:00+00:00","breadcrumb":{"@id":"https:\/\/masindustrias.com.ar\/mas-campo\/2026\/09\/02\/ganaderia\/terneros-el-traslado-cae-un-29-en-lo-que-va-del-corriente-ano\/#breadcrumb"},"inLanguage":"es-AR","potentialAction":[{"@type":"ReadAction","target":["https:\/\/masindustrias.com.ar\/mas-campo\/2026\/09\/02\/ganaderia\/terneros-el-traslado-cae-un-29-en-lo-que-va-del-corriente-ano\/"]}]},{"@type":"ImageObject","inLanguage":"es-AR","@id":"https:\/\/masindustrias.com.ar\/mas-campo\/2026\/09\/02\/ganaderia\/terneros-el-traslado-cae-un-29-en-lo-que-va-del-corriente-ano\/#primaryimage","url":"https:\/\/masindustrias.com.ar\/mas-campo\/wp-content\/uploads\/2026\/09\/Terneros.jpg","contentUrl":"https:\/\/masindustrias.com.ar\/mas-campo\/wp-content\/uploads\/2026\/09\/Terneros.jpg","width":1024,"height":746,"caption":"Los cambios en la vacunaci\u00f3n de aftosa y la caravana electr\u00f3nica estar\u00edan alterando la estad\u00edstica de categor\u00edas."},{"@type":"BreadcrumbList","@id":"https:\/\/masindustrias.com.ar\/mas-campo\/2026\/09\/02\/ganaderia\/terneros-el-traslado-cae-un-29-en-lo-que-va-del-corriente-ano\/#breadcrumb","itemListElement":[{"@type":"ListItem","position":1,"name":"Inicio","item":"https:\/\/masindustrias.com.ar\/mas-campo\/"},{"@type":"ListItem","position":2,"name":"Terneros: el traslado cae un 29 % en lo que va del corriente a\u00f1o"}]},{"@type":"WebSite","@id":"https:\/\/masindustrias.com.ar\/mas-campo\/#website","url":"https:\/\/masindustrias.com.ar\/mas-campo\/","name":"M\u00e1s Campo","description":"Actualidad del Campo y del Sector Agropecuario de Bah\u00eda Blanca y la Regi\u00f3n","publisher":{"@id":"https:\/\/masindustrias.com.ar\/mas-campo\/#organization"},"alternateName":"M\u00e1s Campo","potentialAction":[{"@type":"SearchAction","target":{"@type":"EntryPoint","urlTemplate":"https:\/\/masindustrias.com.ar\/mas-campo\/?s={search_term_string}"},"query-input":{"@type":"PropertyValueSpecification","valueRequired":true,"valueName":"search_term_string"}}],"inLanguage":"es-AR"},{"@type":"Organization","@id":"https:\/\/masindustrias.com.ar\/mas-campo\/#organization","name":"M\u00e1s Campo","url":"https:\/\/masindustrias.com.ar\/mas-campo\/","logo":{"@type":"ImageObject","inLanguage":"es-AR","@id":"https:\/\/masindustrias.com.ar\/mas-campo\/#\/schema\/logo\/image\/","url":"https:\/\/masindustrias.com.ar\/mas-campo\/wp-content\/uploads\/2025\/08\/mas-campo-noticias-agicolas.svg","contentUrl":"https:\/\/masindustrias.com.ar\/mas-campo\/wp-content\/uploads\/2025\/08\/mas-campo-noticias-agicolas.svg","width":455,"height":69,"caption":"M\u00e1s Campo"},"image":{"@id":"https:\/\/masindustrias.com.ar\/mas-campo\/#\/schema\/logo\/image\/"}},{"@type":"Person","@id":"https:\/\/masindustrias.com.ar\/mas-campo\/#\/schema\/person\/628d97aab99dad3321861bf7ce753fd1","name":"Redacci\u00f3n M\u00e1s Campo","description":"Redacci\u00f3n de M\u00e1s Campo, el medio de comunicaci\u00f3n de Bah\u00eda Blanca, el sudoeste de la provincia de Buenos Aires y la regi\u00f3n, especializado en ganader\u00eda y agricultura.","sameAs":["https:\/\/masindustrias.com.ar\/mas-campo"],"url":"https:\/\/masindustrias.com.ar\/mas-campo\/author\/mas-campo\/"}]}},"_links":{"self":[{"href":"https:\/\/masindustrias.com.ar\/mas-campo\/wp-json\/wp\/v2\/posts\/2337","targetHints":{"allow":["GET"]}}],"collection":[{"href":"https:\/\/masindustrias.com.ar\/mas-campo\/wp-json\/wp\/v2\/posts"}],"about":[{"href":"https:\/\/masindustrias.com.ar\/mas-campo\/wp-json\/wp\/v2\/types\/post"}],"author":[{"embeddable":true,"href":"https:\/\/masindustrias.com.ar\/mas-campo\/wp-json\/wp\/v2\/users\/1"}],"replies":[{"embeddable":true,"href":"https:\/\/masindustrias.com.ar\/mas-campo\/wp-json\/wp\/v2\/comments?post=2337"}],"version-history":[{"count":2,"href":"https:\/\/masindustrias.com.ar\/mas-campo\/wp-json\/wp\/v2\/posts\/2337\/revisions"}],"predecessor-version":[{"id":2341,"href":"https:\/\/masindustrias.com.ar\/mas-campo\/wp-json\/wp\/v2\/posts\/2337\/revisions\/2341"}],"wp:featuredmedia":[{"embeddable":true,"href":"https:\/\/masindustrias.com.ar\/mas-campo\/wp-json\/wp\/v2\/media\/2338"}],"wp:attachment":[{"href":"https:\/\/masindustrias.com.ar\/mas-campo\/wp-json\/wp\/v2\/media?parent=2337"}],"wp:term":[{"taxonomy":"category","embeddable":true,"href":"https:\/\/masindustrias.com.ar\/mas-campo\/wp-json\/wp\/v2\/categories?post=2337"},{"taxonomy":"post_tag","embeddable":true,"href":"https:\/\/masindustrias.com.ar\/mas-campo\/wp-json\/wp\/v2\/tags?post=2337"}],"curies":[{"name":"wp","href":"https:\/\/api.w.org\/{rel}","templated":true}]}}