{"id":2332,"date":"2026-09-01T18:00:00","date_gmt":"2026-09-01T21:00:00","guid":{"rendered":"https:\/\/masindustrias.com.ar\/mas-campo\/?p=2332"},"modified":"2026-08-31T18:10:21","modified_gmt":"2026-08-31T21:10:21","slug":"alfalfa-el-cultivo-que-aumenta-hasta-un-25-las-reservas-de-carbono-en-suelos-semiaridos","status":"publish","type":"post","link":"https:\/\/masindustrias.com.ar\/mas-campo\/2026\/09\/01\/agricultura\/alfalfa-el-cultivo-que-aumenta-hasta-un-25-las-reservas-de-carbono-en-suelos-semiaridos\/","title":{"rendered":"Alfalfa: el cultivo que aumenta hasta un 25% las reservas de carbono en suelos semi\u00e1ridos"},"content":{"rendered":"\n<p class=\"wp-block-paragraph\">En la regi\u00f3n semi\u00e1rida central, as\u00ed como en la zona del sur de la provincia de Buenos Aires, la actividad agropecuaria<strong> enfrenta de manera constante la escasez de agua y las limitaciones de los suelos arenosos.<\/strong><\/p>\n\n\n\n<p class=\"wp-block-paragraph\">En este contexto desafiante, cient\u00edficos e investigadores se\u00f1alan que la clave para la sostenibilidad y la regeneraci\u00f3n de estos ecosistemas radica en el uso de pasturas perennes, <strong>destac\u00e1ndose la alfalfa como una herramienta de primer orden.<\/strong><\/p>\n\n\n\n<p class=\"wp-block-paragraph\">Juan Cruz Colazo, investigador del Instituto Nacional de Tecnolog\u00eda Agropecuaria (INTA) San Luis, explic\u00f3 que los sistemas productivos agr\u00edcolas poseen una capacidad inherente para contrarrestar sus propias emisiones. Esto es <strong>posible mediante la remoci\u00f3n activa del di\u00f3xido de carbono de la atm\u00f3sfera para secuestrarlo de forma estable y profunda en el perfil terrestre.<\/strong><\/p>\n\n\n\n<h2 class=\"wp-block-heading\">El poder subterr\u00e1neo<\/h2>\n\n\n\n<p class=\"wp-block-paragraph\">Las evaluaciones t\u00e9cnicas llevadas a cabo por especialistas en los suelos arenosos de la zona de Villa Mercedes, San Luis, destacan que <strong>la incorporaci\u00f3n de la alfalfa marca una diferencia sustancial en la calidad y composici\u00f3n qu\u00edmica del suelo.<\/strong><\/p>\n\n\n\n<blockquote class=\"wp-block-quote is-layout-flow wp-block-quote-is-layout-flow\">\n<p class=\"wp-block-paragraph\">\u201cTras varios ciclos de medici\u00f3n, los sistemas que incluyen estas pasturas perennes acumulan un 25 % m\u00e1s de carbono org\u00e1nico en el suelo comparado con planteos de agricultura continua\u201d, detall\u00f3 Colazo.<\/p>\n<\/blockquote>\n\n\n\n<p class=\"wp-block-paragraph\">De acuerdo con el investigador del INTA, este notable incremento en el secuestro de carbono no es casualidad, sino que responde directamente a la morfolog\u00eda y el comportamiento de la planta: <strong>\u201cEsto se deber\u00eda a la mayor contribuci\u00f3n de sus ra\u00edces, tanto en profundidad como en el tiempo\u201d.<\/strong><\/p>\n\n\n\n<h2 class=\"wp-block-heading\">Bajos niveles de gases de efecto invernadero<\/h2>\n\n\n\n<p class=\"wp-block-paragraph\">Sumado a la retenci\u00f3n de carbono, las investigaciones han demostrado que estos sistemas productivos mantienen un perfil ambiental sumamente limpio en otros aspectos clave. Mar\u00eda Laura Guzm\u00e1n, tambi\u00e9n investigadora del INTA San Luis, indic\u00f3 que <strong>las mediciones de \u00f3xido nitroso \u2014un potente gas de efecto invernadero\u2014 se mantuvieron en niveles bajos y sin registrar diferencias significativas entre los distintos tratamientos evaluados.<\/strong><\/p>\n\n\n\n<p class=\"wp-block-paragraph\">Seg\u00fan detall\u00f3, este comportamiento favorable est\u00e1 estrechamente vinculado a las caracter\u00edsticas clim\u00e1ticas de la zona. <strong>Las condiciones de sequedad que predominan en la regi\u00f3n limitan de manera natural los procesos microbianos del suelo<\/strong> que son responsables de la liberaci\u00f3n de dicho gas a la atm\u00f3sfera.<\/p>\n\n\n\n<h2 class=\"wp-block-heading\">Hacia una agricultura clim\u00e1ticamente inteligente<\/h2>\n\n\n\n<p class=\"wp-block-paragraph\">Los hallazgos <strong>abren un panorama sumamente alentador para regiones \u00e1ridas y semi\u00e1ridas de todo el pa\u00eds, incluyendo zonas cr\u00edticas como el sudoeste bonaerense,<\/strong> donde el recurso suelo sufre una degradaci\u00f3n constante por la combinaci\u00f3n de factores clim\u00e1ticos y el manejo agr\u00edcola tradicional.<\/p>\n\n\n\n<figure class=\"wp-block-image size-large\"><img fetchpriority=\"high\" decoding=\"async\" width=\"1024\" height=\"683\" src=\"https:\/\/masindustrias.com.ar\/mas-campo\/wp-content\/uploads\/2026\/08\/Alfalfa-1-1024x683.jpg\" alt=\"\" class=\"wp-image-2334\" srcset=\"https:\/\/masindustrias.com.ar\/mas-campo\/wp-content\/uploads\/2026\/08\/Alfalfa-1-1024x683.jpg 1024w, https:\/\/masindustrias.com.ar\/mas-campo\/wp-content\/uploads\/2026\/08\/Alfalfa-1-300x200.jpg 300w, https:\/\/masindustrias.com.ar\/mas-campo\/wp-content\/uploads\/2026\/08\/Alfalfa-1-768x512.jpg 768w, https:\/\/masindustrias.com.ar\/mas-campo\/wp-content\/uploads\/2026\/08\/Alfalfa-1.jpg 1200w\" sizes=\"(max-width: 1024px) 100vw, 1024px\" \/><\/figure>\n\n\n\n<p class=\"wp-block-paragraph\">La integraci\u00f3n de pasturas perennes bajo un enfoque moderno se posiciona como el camino a seguir.<\/p>\n\n\n\n<p class=\"wp-block-paragraph\">\u201cLa integraci\u00f3n de la alfalfa bajo los principios de la agricultura clim\u00e1ticamente inteligente permite transformar los sistemas productivos semi\u00e1ridos en sumideros de carbono, <strong>logrando una mayor resiliencia ante la variabilidad ambiental y garantizando la conservaci\u00f3n del recurso suelo a largo plazo&#8221;<\/strong>, concluy\u00f3 Colazo.<\/p>\n","protected":false},"excerpt":{"rendered":"<p>Investigaciones del INTA revelan c\u00f3mo las pasturas perennes transforman territorios vulnerables en sumideros de carbono estables.<\/p>\n","protected":false},"author":1,"featured_media":2333,"comment_status":"closed","ping_status":"closed","sticky":true,"template":"","format":"standard","meta":{"footnotes":""},"categories":[3],"tags":[215,408,410,218,409],"class_list":["post-2332","post","type-post","status-publish","format-standard","has-post-thumbnail","hentry","category-agricultura","tag-alfalfa","tag-carbono","tag-gases-de-efecto-invernadero","tag-inta","tag-sudoeste-bonaerense"],"yoast_head":"<!-- This site is optimized with the Yoast SEO plugin v28.3 - https:\/\/yoast.com\/product\/yoast-seo-wordpress\/ -->\n<title>Alfalfa: el cultivo que aumenta hasta un 25% las reservas de carbono en suelos semi\u00e1ridos<\/title>\n<meta name=\"robots\" content=\"index, follow, max-snippet:-1, max-image-preview:large, max-video-preview:-1\" \/>\n<link rel=\"canonical\" href=\"https:\/\/masindustrias.com.ar\/mas-campo\/2026\/09\/01\/agricultura\/alfalfa-el-cultivo-que-aumenta-hasta-un-25-las-reservas-de-carbono-en-suelos-semiaridos\/\" \/>\n<meta property=\"og:locale\" content=\"es_ES\" \/>\n<meta property=\"og:type\" content=\"article\" \/>\n<meta property=\"og:title\" content=\"Alfalfa: el cultivo que aumenta hasta un 25% las reservas de carbono en suelos semi\u00e1ridos\" \/>\n<meta property=\"og:description\" content=\"Investigaciones del INTA revelan c\u00f3mo las pasturas perennes transforman territorios vulnerables en sumideros de carbono estables.\" \/>\n<meta property=\"og:url\" content=\"https:\/\/masindustrias.com.ar\/mas-campo\/2026\/09\/01\/agricultura\/alfalfa-el-cultivo-que-aumenta-hasta-un-25-las-reservas-de-carbono-en-suelos-semiaridos\/\" \/>\n<meta property=\"og:site_name\" content=\"M\u00e1s Campo\" \/>\n<meta property=\"article:published_time\" content=\"2026-09-01T21:00:00+00:00\" \/>\n<meta property=\"og:image\" content=\"https:\/\/masindustrias.com.ar\/mas-campo\/wp-content\/uploads\/2026\/08\/Alfalfa.jpg\" \/>\n\t<meta property=\"og:image:width\" content=\"1200\" \/>\n\t<meta property=\"og:image:height\" content=\"803\" \/>\n\t<meta property=\"og:image:type\" content=\"image\/jpeg\" \/>\n<meta name=\"author\" content=\"Redacci\u00f3n M\u00e1s Campo\" \/>\n<meta name=\"twitter:card\" content=\"summary_large_image\" \/>\n<script type=\"application\/ld+json\" class=\"yoast-schema-graph\">{\"@context\":\"https:\\\/\\\/schema.org\",\"@graph\":[{\"@type\":\"NewsArticle\",\"@id\":\"https:\\\/\\\/masindustrias.com.ar\\\/mas-campo\\\/2026\\\/09\\\/01\\\/agricultura\\\/alfalfa-el-cultivo-que-aumenta-hasta-un-25-las-reservas-de-carbono-en-suelos-semiaridos\\\/#article\",\"isPartOf\":{\"@id\":\"https:\\\/\\\/masindustrias.com.ar\\\/mas-campo\\\/2026\\\/09\\\/01\\\/agricultura\\\/alfalfa-el-cultivo-que-aumenta-hasta-un-25-las-reservas-de-carbono-en-suelos-semiaridos\\\/\"},\"author\":{\"name\":\"Redacci\u00f3n M\u00e1s Campo\",\"@id\":\"https:\\\/\\\/masindustrias.com.ar\\\/mas-campo\\\/#\\\/schema\\\/person\\\/628d97aab99dad3321861bf7ce753fd1\"},\"headline\":\"Alfalfa: el cultivo que aumenta hasta un 25% las reservas de carbono en suelos semi\u00e1ridos\",\"datePublished\":\"2026-09-01T21:00:00+00:00\",\"mainEntityOfPage\":{\"@id\":\"https:\\\/\\\/masindustrias.com.ar\\\/mas-campo\\\/2026\\\/09\\\/01\\\/agricultura\\\/alfalfa-el-cultivo-que-aumenta-hasta-un-25-las-reservas-de-carbono-en-suelos-semiaridos\\\/\"},\"wordCount\":524,\"publisher\":{\"@id\":\"https:\\\/\\\/masindustrias.com.ar\\\/mas-campo\\\/#organization\"},\"image\":{\"@id\":\"https:\\\/\\\/masindustrias.com.ar\\\/mas-campo\\\/2026\\\/09\\\/01\\\/agricultura\\\/alfalfa-el-cultivo-que-aumenta-hasta-un-25-las-reservas-de-carbono-en-suelos-semiaridos\\\/#primaryimage\"},\"thumbnailUrl\":\"https:\\\/\\\/masindustrias.com.ar\\\/mas-campo\\\/wp-content\\\/uploads\\\/2026\\\/08\\\/Alfalfa.jpg\",\"keywords\":[\"alfalfa\",\"Carbono\",\"Gases de efecto invernadero\",\"INTA\",\"Sudoeste bonaerense\"],\"articleSection\":[\"Agricultura\"],\"inLanguage\":\"es-AR\",\"copyrightYear\":\"2026\",\"copyrightHolder\":{\"@id\":\"https:\\\/\\\/masindustrias.com.ar\\\/mas-campo\\\/#organization\"}},{\"@type\":\"WebPage\",\"@id\":\"https:\\\/\\\/masindustrias.com.ar\\\/mas-campo\\\/2026\\\/09\\\/01\\\/agricultura\\\/alfalfa-el-cultivo-que-aumenta-hasta-un-25-las-reservas-de-carbono-en-suelos-semiaridos\\\/\",\"url\":\"https:\\\/\\\/masindustrias.com.ar\\\/mas-campo\\\/2026\\\/09\\\/01\\\/agricultura\\\/alfalfa-el-cultivo-que-aumenta-hasta-un-25-las-reservas-de-carbono-en-suelos-semiaridos\\\/\",\"name\":\"Alfalfa: el cultivo que aumenta hasta un 25% las reservas de carbono en suelos semi\u00e1ridos\",\"isPartOf\":{\"@id\":\"https:\\\/\\\/masindustrias.com.ar\\\/mas-campo\\\/#website\"},\"primaryImageOfPage\":{\"@id\":\"https:\\\/\\\/masindustrias.com.ar\\\/mas-campo\\\/2026\\\/09\\\/01\\\/agricultura\\\/alfalfa-el-cultivo-que-aumenta-hasta-un-25-las-reservas-de-carbono-en-suelos-semiaridos\\\/#primaryimage\"},\"image\":{\"@id\":\"https:\\\/\\\/masindustrias.com.ar\\\/mas-campo\\\/2026\\\/09\\\/01\\\/agricultura\\\/alfalfa-el-cultivo-que-aumenta-hasta-un-25-las-reservas-de-carbono-en-suelos-semiaridos\\\/#primaryimage\"},\"thumbnailUrl\":\"https:\\\/\\\/masindustrias.com.ar\\\/mas-campo\\\/wp-content\\\/uploads\\\/2026\\\/08\\\/Alfalfa.jpg\",\"datePublished\":\"2026-09-01T21:00:00+00:00\",\"breadcrumb\":{\"@id\":\"https:\\\/\\\/masindustrias.com.ar\\\/mas-campo\\\/2026\\\/09\\\/01\\\/agricultura\\\/alfalfa-el-cultivo-que-aumenta-hasta-un-25-las-reservas-de-carbono-en-suelos-semiaridos\\\/#breadcrumb\"},\"inLanguage\":\"es-AR\",\"potentialAction\":[{\"@type\":\"ReadAction\",\"target\":[\"https:\\\/\\\/masindustrias.com.ar\\\/mas-campo\\\/2026\\\/09\\\/01\\\/agricultura\\\/alfalfa-el-cultivo-que-aumenta-hasta-un-25-las-reservas-de-carbono-en-suelos-semiaridos\\\/\"]}]},{\"@type\":\"ImageObject\",\"inLanguage\":\"es-AR\",\"@id\":\"https:\\\/\\\/masindustrias.com.ar\\\/mas-campo\\\/2026\\\/09\\\/01\\\/agricultura\\\/alfalfa-el-cultivo-que-aumenta-hasta-un-25-las-reservas-de-carbono-en-suelos-semiaridos\\\/#primaryimage\",\"url\":\"https:\\\/\\\/masindustrias.com.ar\\\/mas-campo\\\/wp-content\\\/uploads\\\/2026\\\/08\\\/Alfalfa.jpg\",\"contentUrl\":\"https:\\\/\\\/masindustrias.com.ar\\\/mas-campo\\\/wp-content\\\/uploads\\\/2026\\\/08\\\/Alfalfa.jpg\",\"width\":1200,\"height\":803,\"caption\":\"Esta producci\u00f3n ofrece una soluci\u00f3n clim\u00e1tica y productiva de largo plazo.\"},{\"@type\":\"BreadcrumbList\",\"@id\":\"https:\\\/\\\/masindustrias.com.ar\\\/mas-campo\\\/2026\\\/09\\\/01\\\/agricultura\\\/alfalfa-el-cultivo-que-aumenta-hasta-un-25-las-reservas-de-carbono-en-suelos-semiaridos\\\/#breadcrumb\",\"itemListElement\":[{\"@type\":\"ListItem\",\"position\":1,\"name\":\"Inicio\",\"item\":\"https:\\\/\\\/masindustrias.com.ar\\\/mas-campo\\\/\"},{\"@type\":\"ListItem\",\"position\":2,\"name\":\"Alfalfa: el cultivo que aumenta hasta un 25% las reservas de carbono en suelos semi\u00e1ridos\"}]},{\"@type\":\"WebSite\",\"@id\":\"https:\\\/\\\/masindustrias.com.ar\\\/mas-campo\\\/#website\",\"url\":\"https:\\\/\\\/masindustrias.com.ar\\\/mas-campo\\\/\",\"name\":\"M\u00e1s Campo\",\"description\":\"Actualidad del Campo y del Sector Agropecuario de Bah\u00eda Blanca y la Regi\u00f3n\",\"publisher\":{\"@id\":\"https:\\\/\\\/masindustrias.com.ar\\\/mas-campo\\\/#organization\"},\"alternateName\":\"M\u00e1s Campo\",\"potentialAction\":[{\"@type\":\"SearchAction\",\"target\":{\"@type\":\"EntryPoint\",\"urlTemplate\":\"https:\\\/\\\/masindustrias.com.ar\\\/mas-campo\\\/?s={search_term_string}\"},\"query-input\":{\"@type\":\"PropertyValueSpecification\",\"valueRequired\":true,\"valueName\":\"search_term_string\"}}],\"inLanguage\":\"es-AR\"},{\"@type\":\"Organization\",\"@id\":\"https:\\\/\\\/masindustrias.com.ar\\\/mas-campo\\\/#organization\",\"name\":\"M\u00e1s Campo\",\"url\":\"https:\\\/\\\/masindustrias.com.ar\\\/mas-campo\\\/\",\"logo\":{\"@type\":\"ImageObject\",\"inLanguage\":\"es-AR\",\"@id\":\"https:\\\/\\\/masindustrias.com.ar\\\/mas-campo\\\/#\\\/schema\\\/logo\\\/image\\\/\",\"url\":\"https:\\\/\\\/masindustrias.com.ar\\\/mas-campo\\\/wp-content\\\/uploads\\\/2025\\\/08\\\/mas-campo-noticias-agicolas.svg\",\"contentUrl\":\"https:\\\/\\\/masindustrias.com.ar\\\/mas-campo\\\/wp-content\\\/uploads\\\/2025\\\/08\\\/mas-campo-noticias-agicolas.svg\",\"width\":455,\"height\":69,\"caption\":\"M\u00e1s Campo\"},\"image\":{\"@id\":\"https:\\\/\\\/masindustrias.com.ar\\\/mas-campo\\\/#\\\/schema\\\/logo\\\/image\\\/\"}},{\"@type\":\"Person\",\"@id\":\"https:\\\/\\\/masindustrias.com.ar\\\/mas-campo\\\/#\\\/schema\\\/person\\\/628d97aab99dad3321861bf7ce753fd1\",\"name\":\"Redacci\u00f3n M\u00e1s Campo\",\"description\":\"Redacci\u00f3n de M\u00e1s Campo, el medio de comunicaci\u00f3n de Bah\u00eda Blanca, el sudoeste de la provincia de Buenos Aires y la regi\u00f3n, especializado en ganader\u00eda y agricultura.\",\"sameAs\":[\"https:\\\/\\\/masindustrias.com.ar\\\/mas-campo\"],\"url\":\"https:\\\/\\\/masindustrias.com.ar\\\/mas-campo\\\/author\\\/mas-campo\\\/\"}]}<\/script>\n<!-- \/ Yoast SEO plugin. -->","yoast_head_json":{"title":"Alfalfa: el cultivo que aumenta hasta un 25% las reservas de carbono en suelos semi\u00e1ridos","robots":{"index":"index","follow":"follow","max-snippet":"max-snippet:-1","max-image-preview":"max-image-preview:large","max-video-preview":"max-video-preview:-1"},"canonical":"https:\/\/masindustrias.com.ar\/mas-campo\/2026\/09\/01\/agricultura\/alfalfa-el-cultivo-que-aumenta-hasta-un-25-las-reservas-de-carbono-en-suelos-semiaridos\/","og_locale":"es_ES","og_type":"article","og_title":"Alfalfa: el cultivo que aumenta hasta un 25% las reservas de carbono en suelos semi\u00e1ridos","og_description":"Investigaciones del INTA revelan c\u00f3mo las pasturas perennes transforman territorios vulnerables en sumideros de carbono estables.","og_url":"https:\/\/masindustrias.com.ar\/mas-campo\/2026\/09\/01\/agricultura\/alfalfa-el-cultivo-que-aumenta-hasta-un-25-las-reservas-de-carbono-en-suelos-semiaridos\/","og_site_name":"M\u00e1s Campo","article_published_time":"2026-09-01T21:00:00+00:00","og_image":[{"width":1200,"height":803,"url":"https:\/\/masindustrias.com.ar\/mas-campo\/wp-content\/uploads\/2026\/08\/Alfalfa.jpg","type":"image\/jpeg"}],"author":"Redacci\u00f3n M\u00e1s Campo","twitter_card":"summary_large_image","schema":{"@context":"https:\/\/schema.org","@graph":[{"@type":"NewsArticle","@id":"https:\/\/masindustrias.com.ar\/mas-campo\/2026\/09\/01\/agricultura\/alfalfa-el-cultivo-que-aumenta-hasta-un-25-las-reservas-de-carbono-en-suelos-semiaridos\/#article","isPartOf":{"@id":"https:\/\/masindustrias.com.ar\/mas-campo\/2026\/09\/01\/agricultura\/alfalfa-el-cultivo-que-aumenta-hasta-un-25-las-reservas-de-carbono-en-suelos-semiaridos\/"},"author":{"name":"Redacci\u00f3n M\u00e1s Campo","@id":"https:\/\/masindustrias.com.ar\/mas-campo\/#\/schema\/person\/628d97aab99dad3321861bf7ce753fd1"},"headline":"Alfalfa: el cultivo que aumenta hasta un 25% las reservas de carbono en suelos semi\u00e1ridos","datePublished":"2026-09-01T21:00:00+00:00","mainEntityOfPage":{"@id":"https:\/\/masindustrias.com.ar\/mas-campo\/2026\/09\/01\/agricultura\/alfalfa-el-cultivo-que-aumenta-hasta-un-25-las-reservas-de-carbono-en-suelos-semiaridos\/"},"wordCount":524,"publisher":{"@id":"https:\/\/masindustrias.com.ar\/mas-campo\/#organization"},"image":{"@id":"https:\/\/masindustrias.com.ar\/mas-campo\/2026\/09\/01\/agricultura\/alfalfa-el-cultivo-que-aumenta-hasta-un-25-las-reservas-de-carbono-en-suelos-semiaridos\/#primaryimage"},"thumbnailUrl":"https:\/\/masindustrias.com.ar\/mas-campo\/wp-content\/uploads\/2026\/08\/Alfalfa.jpg","keywords":["alfalfa","Carbono","Gases de efecto invernadero","INTA","Sudoeste bonaerense"],"articleSection":["Agricultura"],"inLanguage":"es-AR","copyrightYear":"2026","copyrightHolder":{"@id":"https:\/\/masindustrias.com.ar\/mas-campo\/#organization"}},{"@type":"WebPage","@id":"https:\/\/masindustrias.com.ar\/mas-campo\/2026\/09\/01\/agricultura\/alfalfa-el-cultivo-que-aumenta-hasta-un-25-las-reservas-de-carbono-en-suelos-semiaridos\/","url":"https:\/\/masindustrias.com.ar\/mas-campo\/2026\/09\/01\/agricultura\/alfalfa-el-cultivo-que-aumenta-hasta-un-25-las-reservas-de-carbono-en-suelos-semiaridos\/","name":"Alfalfa: el cultivo que aumenta hasta un 25% las reservas de carbono en suelos semi\u00e1ridos","isPartOf":{"@id":"https:\/\/masindustrias.com.ar\/mas-campo\/#website"},"primaryImageOfPage":{"@id":"https:\/\/masindustrias.com.ar\/mas-campo\/2026\/09\/01\/agricultura\/alfalfa-el-cultivo-que-aumenta-hasta-un-25-las-reservas-de-carbono-en-suelos-semiaridos\/#primaryimage"},"image":{"@id":"https:\/\/masindustrias.com.ar\/mas-campo\/2026\/09\/01\/agricultura\/alfalfa-el-cultivo-que-aumenta-hasta-un-25-las-reservas-de-carbono-en-suelos-semiaridos\/#primaryimage"},"thumbnailUrl":"https:\/\/masindustrias.com.ar\/mas-campo\/wp-content\/uploads\/2026\/08\/Alfalfa.jpg","datePublished":"2026-09-01T21:00:00+00:00","breadcrumb":{"@id":"https:\/\/masindustrias.com.ar\/mas-campo\/2026\/09\/01\/agricultura\/alfalfa-el-cultivo-que-aumenta-hasta-un-25-las-reservas-de-carbono-en-suelos-semiaridos\/#breadcrumb"},"inLanguage":"es-AR","potentialAction":[{"@type":"ReadAction","target":["https:\/\/masindustrias.com.ar\/mas-campo\/2026\/09\/01\/agricultura\/alfalfa-el-cultivo-que-aumenta-hasta-un-25-las-reservas-de-carbono-en-suelos-semiaridos\/"]}]},{"@type":"ImageObject","inLanguage":"es-AR","@id":"https:\/\/masindustrias.com.ar\/mas-campo\/2026\/09\/01\/agricultura\/alfalfa-el-cultivo-que-aumenta-hasta-un-25-las-reservas-de-carbono-en-suelos-semiaridos\/#primaryimage","url":"https:\/\/masindustrias.com.ar\/mas-campo\/wp-content\/uploads\/2026\/08\/Alfalfa.jpg","contentUrl":"https:\/\/masindustrias.com.ar\/mas-campo\/wp-content\/uploads\/2026\/08\/Alfalfa.jpg","width":1200,"height":803,"caption":"Esta producci\u00f3n ofrece una soluci\u00f3n clim\u00e1tica y productiva de largo plazo."},{"@type":"BreadcrumbList","@id":"https:\/\/masindustrias.com.ar\/mas-campo\/2026\/09\/01\/agricultura\/alfalfa-el-cultivo-que-aumenta-hasta-un-25-las-reservas-de-carbono-en-suelos-semiaridos\/#breadcrumb","itemListElement":[{"@type":"ListItem","position":1,"name":"Inicio","item":"https:\/\/masindustrias.com.ar\/mas-campo\/"},{"@type":"ListItem","position":2,"name":"Alfalfa: el cultivo que aumenta hasta un 25% las reservas de carbono en suelos semi\u00e1ridos"}]},{"@type":"WebSite","@id":"https:\/\/masindustrias.com.ar\/mas-campo\/#website","url":"https:\/\/masindustrias.com.ar\/mas-campo\/","name":"M\u00e1s Campo","description":"Actualidad del Campo y del Sector Agropecuario de Bah\u00eda Blanca y la Regi\u00f3n","publisher":{"@id":"https:\/\/masindustrias.com.ar\/mas-campo\/#organization"},"alternateName":"M\u00e1s Campo","potentialAction":[{"@type":"SearchAction","target":{"@type":"EntryPoint","urlTemplate":"https:\/\/masindustrias.com.ar\/mas-campo\/?s={search_term_string}"},"query-input":{"@type":"PropertyValueSpecification","valueRequired":true,"valueName":"search_term_string"}}],"inLanguage":"es-AR"},{"@type":"Organization","@id":"https:\/\/masindustrias.com.ar\/mas-campo\/#organization","name":"M\u00e1s Campo","url":"https:\/\/masindustrias.com.ar\/mas-campo\/","logo":{"@type":"ImageObject","inLanguage":"es-AR","@id":"https:\/\/masindustrias.com.ar\/mas-campo\/#\/schema\/logo\/image\/","url":"https:\/\/masindustrias.com.ar\/mas-campo\/wp-content\/uploads\/2025\/08\/mas-campo-noticias-agicolas.svg","contentUrl":"https:\/\/masindustrias.com.ar\/mas-campo\/wp-content\/uploads\/2025\/08\/mas-campo-noticias-agicolas.svg","width":455,"height":69,"caption":"M\u00e1s Campo"},"image":{"@id":"https:\/\/masindustrias.com.ar\/mas-campo\/#\/schema\/logo\/image\/"}},{"@type":"Person","@id":"https:\/\/masindustrias.com.ar\/mas-campo\/#\/schema\/person\/628d97aab99dad3321861bf7ce753fd1","name":"Redacci\u00f3n M\u00e1s Campo","description":"Redacci\u00f3n de M\u00e1s Campo, el medio de comunicaci\u00f3n de Bah\u00eda Blanca, el sudoeste de la provincia de Buenos Aires y la regi\u00f3n, especializado en ganader\u00eda y agricultura.","sameAs":["https:\/\/masindustrias.com.ar\/mas-campo"],"url":"https:\/\/masindustrias.com.ar\/mas-campo\/author\/mas-campo\/"}]}},"_links":{"self":[{"href":"https:\/\/masindustrias.com.ar\/mas-campo\/wp-json\/wp\/v2\/posts\/2332","targetHints":{"allow":["GET"]}}],"collection":[{"href":"https:\/\/masindustrias.com.ar\/mas-campo\/wp-json\/wp\/v2\/posts"}],"about":[{"href":"https:\/\/masindustrias.com.ar\/mas-campo\/wp-json\/wp\/v2\/types\/post"}],"author":[{"embeddable":true,"href":"https:\/\/masindustrias.com.ar\/mas-campo\/wp-json\/wp\/v2\/users\/1"}],"replies":[{"embeddable":true,"href":"https:\/\/masindustrias.com.ar\/mas-campo\/wp-json\/wp\/v2\/comments?post=2332"}],"version-history":[{"count":2,"href":"https:\/\/masindustrias.com.ar\/mas-campo\/wp-json\/wp\/v2\/posts\/2332\/revisions"}],"predecessor-version":[{"id":2336,"href":"https:\/\/masindustrias.com.ar\/mas-campo\/wp-json\/wp\/v2\/posts\/2332\/revisions\/2336"}],"wp:featuredmedia":[{"embeddable":true,"href":"https:\/\/masindustrias.com.ar\/mas-campo\/wp-json\/wp\/v2\/media\/2333"}],"wp:attachment":[{"href":"https:\/\/masindustrias.com.ar\/mas-campo\/wp-json\/wp\/v2\/media?parent=2332"}],"wp:term":[{"taxonomy":"category","embeddable":true,"href":"https:\/\/masindustrias.com.ar\/mas-campo\/wp-json\/wp\/v2\/categories?post=2332"},{"taxonomy":"post_tag","embeddable":true,"href":"https:\/\/masindustrias.com.ar\/mas-campo\/wp-json\/wp\/v2\/tags?post=2332"}],"curies":[{"name":"wp","href":"https:\/\/api.w.org\/{rel}","templated":true}]}}