{"id":2328,"date":"2026-08-31T11:18:06","date_gmt":"2026-08-31T14:18:06","guid":{"rendered":"https:\/\/masindustrias.com.ar\/mas-campo\/?p=2328"},"modified":"2026-08-31T11:18:07","modified_gmt":"2026-08-31T14:18:07","slug":"eduardo-castex-avanzan-los-preparativos-para-la-expo-2026-y-para-el-nuevo-frigorifico-de-pequenos-animales","status":"publish","type":"post","link":"https:\/\/masindustrias.com.ar\/mas-campo\/2026\/08\/31\/actualidad-del-campo\/eduardo-castex-avanzan-los-preparativos-para-la-expo-2026-y-para-el-nuevo-frigorifico-de-pequenos-animales\/","title":{"rendered":"Eduardo Castex: avanzan los preparativos para la Expo 2026 y para el nuevo frigor\u00edfico de peque\u00f1os animales"},"content":{"rendered":"\n<p class=\"wp-block-paragraph\">Durante el encuentro se analizaron los detalles de la pr\u00f3xima edici\u00f3n de la Expo Castex, evento que el Ministerio de la Producci\u00f3n acompa\u00f1a anualmente junto al Club Estudiantil y sus organizadores. La exposici\u00f3n se realizar\u00e1 los d\u00edas 9, 10 y 11 de octubre y reunir\u00e1 propuestas vinculadas con la producci\u00f3n, la ganader\u00eda, la industria y el emprendedurismo.<\/p>\n\n\n\n<p class=\"wp-block-paragraph\">La ministra de la Producci\u00f3n encabez\u00f3 la visita a la localidad, donde mantuvo una reuni\u00f3n con la intendenta M\u00f3nica Curutchet, el presidente del Club Estudiantil, Lucas Bruno, y representantes de la instituci\u00f3n. Tambi\u00e9n participaron de la recorrida por el frigor\u00edfico el ministro de Obras y Servicios P\u00fablicos, Alfredo Intronati; la subsecretaria de Industria, Comercio y Pymes, Vanina Fern\u00e1ndez; y el subsecretario de Asuntos Agrarios, Ricardo Baraldi, junto a equipos t\u00e9cnicos.<\/p>\n\n\n\n<p class=\"wp-block-paragraph\">En el marco de la jornada, las autoridades recorrieron adem\u00e1s el frigor\u00edfico Ciclo II de animales menores, una obra financiada por el Gobierno provincial que se encuentra en una etapa avanzada de construcci\u00f3n. La infraestructura permitir\u00e1 realizar tareas de cuarteo, desposte y envasado al vac\u00edo.<\/p>\n\n\n\n<p class=\"wp-block-paragraph\">Los principales ejes del proyecto del frigor\u00edfico de &#8220;Ciclo 2&#8221;&nbsp;son la capacitaci\u00f3n, la operatividad y su ubicaci\u00f3n estrat\u00e9gica. En materia de formaci\u00f3n, el municipio ya trabaja en la preparaci\u00f3n de recursos humanos de la localidad, con el objetivo de que los puestos de trabajo que genere la planta puedan ser ocupados por vecinos de Eduardo Castex. En cuanto a su funcionamiento, el establecimiento operar\u00e1 como Ciclo 2 y 3: la faena se realizar\u00e1 en otros puntos, mientras que en Castex se llevar\u00e1n adelante las tareas de desposte y acondicionamiento de la carne para su posterior comercializaci\u00f3n. A esto se suma su ubicaci\u00f3n sobre la Ruta Nacional 35, que representa una importante ventaja log\u00edstica y facilita la distribuci\u00f3n de la producci\u00f3n tanto hacia el norte como hacia el sur del pa\u00eds.<\/p>\n\n\n\n<p class=\"wp-block-paragraph\">La puesta en marcha de la planta representa para Eduardo Castex una oportunidad para recuperar y dar nuevo uso a una infraestructura, pero tambi\u00e9n para generar nuevas alternativas dentro del sector c\u00e1rnico provincial, favoreciendo el desarrollo de la actividad productiva, el crecimiento de los productores locales y la generaci\u00f3n de oportunidades que contribuyan a que los j\u00f3venes permanezcan en la comunidad.<\/p>\n\n\n\n<p class=\"wp-block-paragraph\">La intendenta, M\u00f3nica Curutchet, destac\u00f3 el trabajo conjunto desarrollado durante la jornada con los funcionarios provinciales y los equipos t\u00e9cnicos, especialmente en relaci\u00f3n con la modalidad de adjudicaci\u00f3n y puesta en funcionamiento del frigor\u00edfico. \u201cTrabajamos y planificamos en ese sentido\u201d, se\u00f1al\u00f3. Seg\u00fan estim\u00f3, la obra continuar\u00e1 durante todo el 2026, con la meta de iniciar el proceso de concesi\u00f3n hacia finales de ese a\u00f1o.<\/p>\n","protected":false},"excerpt":{"rendered":"<p>La organizaci\u00f3n de la Expo Castex 2026 y los avances en la construcci\u00f3n del frigor\u00edfico de peque\u00f1os animales fueron los principales temas de la agenda que llev\u00f3 a autoridades del Ministerio de la Producci\u00f3n hasta Eduardo Castex.<\/p>\n","protected":false},"author":4,"featured_media":2329,"comment_status":"closed","ping_status":"closed","sticky":false,"template":"","format":"standard","meta":{"footnotes":""},"categories":[8],"tags":[242],"class_list":["post-2328","post","type-post","status-publish","format-standard","has-post-thumbnail","hentry","category-actualidad-del-campo","tag-exposiciones"],"yoast_head":"<!-- This site is optimized with the Yoast SEO plugin v28.3 - https:\/\/yoast.com\/product\/yoast-seo-wordpress\/ -->\n<title>Eduardo Castex: avanzan los preparativos para la Expo 2026 y para el nuevo frigor\u00edfico de peque\u00f1os animales<\/title>\n<meta name=\"robots\" content=\"index, follow, max-snippet:-1, max-image-preview:large, max-video-preview:-1\" \/>\n<link rel=\"canonical\" href=\"https:\/\/masindustrias.com.ar\/mas-campo\/2026\/08\/31\/actualidad-del-campo\/eduardo-castex-avanzan-los-preparativos-para-la-expo-2026-y-para-el-nuevo-frigorifico-de-pequenos-animales\/\" \/>\n<meta property=\"og:locale\" content=\"es_ES\" \/>\n<meta property=\"og:type\" content=\"article\" \/>\n<meta property=\"og:title\" content=\"Eduardo Castex: avanzan los preparativos para la Expo 2026 y para el nuevo frigor\u00edfico de peque\u00f1os animales\" \/>\n<meta property=\"og:description\" content=\"La organizaci\u00f3n de la Expo Castex 2026 y los avances en la construcci\u00f3n del frigor\u00edfico de peque\u00f1os animales fueron los principales temas de la agenda que llev\u00f3 a autoridades del Ministerio de la Producci\u00f3n hasta Eduardo Castex.\" \/>\n<meta property=\"og:url\" content=\"https:\/\/masindustrias.com.ar\/mas-campo\/2026\/08\/31\/actualidad-del-campo\/eduardo-castex-avanzan-los-preparativos-para-la-expo-2026-y-para-el-nuevo-frigorifico-de-pequenos-animales\/\" \/>\n<meta property=\"og:site_name\" content=\"M\u00e1s Campo\" \/>\n<meta property=\"article:published_time\" content=\"2026-08-31T14:18:06+00:00\" \/>\n<meta property=\"article:modified_time\" content=\"2026-08-31T14:18:07+00:00\" \/>\n<meta property=\"og:image\" content=\"https:\/\/masindustrias.com.ar\/mas-campo\/wp-content\/uploads\/2026\/08\/Galeria-APN-25.jpeg\" \/>\n\t<meta property=\"og:image:width\" content=\"885\" \/>\n\t<meta property=\"og:image:height\" content=\"572\" \/>\n\t<meta property=\"og:image:type\" content=\"image\/jpeg\" \/>\n<meta name=\"author\" content=\"Melina Vivalda\" \/>\n<meta name=\"twitter:card\" content=\"summary_large_image\" \/>\n<script type=\"application\/ld+json\" class=\"yoast-schema-graph\">{\"@context\":\"https:\\\/\\\/schema.org\",\"@graph\":[{\"@type\":\"NewsArticle\",\"@id\":\"https:\\\/\\\/masindustrias.com.ar\\\/mas-campo\\\/2026\\\/08\\\/31\\\/actualidad-del-campo\\\/eduardo-castex-avanzan-los-preparativos-para-la-expo-2026-y-para-el-nuevo-frigorifico-de-pequenos-animales\\\/#article\",\"isPartOf\":{\"@id\":\"https:\\\/\\\/masindustrias.com.ar\\\/mas-campo\\\/2026\\\/08\\\/31\\\/actualidad-del-campo\\\/eduardo-castex-avanzan-los-preparativos-para-la-expo-2026-y-para-el-nuevo-frigorifico-de-pequenos-animales\\\/\"},\"author\":{\"name\":\"Melina Vivalda\",\"@id\":\"https:\\\/\\\/masindustrias.com.ar\\\/mas-campo\\\/#\\\/schema\\\/person\\\/15852b639e050828fcc5acfd643151e1\"},\"headline\":\"Eduardo Castex: avanzan los preparativos para la Expo 2026 y para el nuevo frigor\u00edfico de peque\u00f1os animales\",\"datePublished\":\"2026-08-31T14:18:06+00:00\",\"dateModified\":\"2026-08-31T14:18:07+00:00\",\"mainEntityOfPage\":{\"@id\":\"https:\\\/\\\/masindustrias.com.ar\\\/mas-campo\\\/2026\\\/08\\\/31\\\/actualidad-del-campo\\\/eduardo-castex-avanzan-los-preparativos-para-la-expo-2026-y-para-el-nuevo-frigorifico-de-pequenos-animales\\\/\"},\"wordCount\":486,\"publisher\":{\"@id\":\"https:\\\/\\\/masindustrias.com.ar\\\/mas-campo\\\/#organization\"},\"image\":{\"@id\":\"https:\\\/\\\/masindustrias.com.ar\\\/mas-campo\\\/2026\\\/08\\\/31\\\/actualidad-del-campo\\\/eduardo-castex-avanzan-los-preparativos-para-la-expo-2026-y-para-el-nuevo-frigorifico-de-pequenos-animales\\\/#primaryimage\"},\"thumbnailUrl\":\"https:\\\/\\\/masindustrias.com.ar\\\/mas-campo\\\/wp-content\\\/uploads\\\/2026\\\/08\\\/Galeria-APN-25.jpeg\",\"keywords\":[\"Exposiciones\"],\"articleSection\":[\"Actualidad\"],\"inLanguage\":\"es-AR\",\"copyrightYear\":\"2026\",\"copyrightHolder\":{\"@id\":\"https:\\\/\\\/masindustrias.com.ar\\\/mas-campo\\\/#organization\"}},{\"@type\":\"WebPage\",\"@id\":\"https:\\\/\\\/masindustrias.com.ar\\\/mas-campo\\\/2026\\\/08\\\/31\\\/actualidad-del-campo\\\/eduardo-castex-avanzan-los-preparativos-para-la-expo-2026-y-para-el-nuevo-frigorifico-de-pequenos-animales\\\/\",\"url\":\"https:\\\/\\\/masindustrias.com.ar\\\/mas-campo\\\/2026\\\/08\\\/31\\\/actualidad-del-campo\\\/eduardo-castex-avanzan-los-preparativos-para-la-expo-2026-y-para-el-nuevo-frigorifico-de-pequenos-animales\\\/\",\"name\":\"Eduardo Castex: avanzan los preparativos para la Expo 2026 y para el nuevo frigor\u00edfico de peque\u00f1os animales\",\"isPartOf\":{\"@id\":\"https:\\\/\\\/masindustrias.com.ar\\\/mas-campo\\\/#website\"},\"primaryImageOfPage\":{\"@id\":\"https:\\\/\\\/masindustrias.com.ar\\\/mas-campo\\\/2026\\\/08\\\/31\\\/actualidad-del-campo\\\/eduardo-castex-avanzan-los-preparativos-para-la-expo-2026-y-para-el-nuevo-frigorifico-de-pequenos-animales\\\/#primaryimage\"},\"image\":{\"@id\":\"https:\\\/\\\/masindustrias.com.ar\\\/mas-campo\\\/2026\\\/08\\\/31\\\/actualidad-del-campo\\\/eduardo-castex-avanzan-los-preparativos-para-la-expo-2026-y-para-el-nuevo-frigorifico-de-pequenos-animales\\\/#primaryimage\"},\"thumbnailUrl\":\"https:\\\/\\\/masindustrias.com.ar\\\/mas-campo\\\/wp-content\\\/uploads\\\/2026\\\/08\\\/Galeria-APN-25.jpeg\",\"datePublished\":\"2026-08-31T14:18:06+00:00\",\"dateModified\":\"2026-08-31T14:18:07+00:00\",\"breadcrumb\":{\"@id\":\"https:\\\/\\\/masindustrias.com.ar\\\/mas-campo\\\/2026\\\/08\\\/31\\\/actualidad-del-campo\\\/eduardo-castex-avanzan-los-preparativos-para-la-expo-2026-y-para-el-nuevo-frigorifico-de-pequenos-animales\\\/#breadcrumb\"},\"inLanguage\":\"es-AR\",\"potentialAction\":[{\"@type\":\"ReadAction\",\"target\":[\"https:\\\/\\\/masindustrias.com.ar\\\/mas-campo\\\/2026\\\/08\\\/31\\\/actualidad-del-campo\\\/eduardo-castex-avanzan-los-preparativos-para-la-expo-2026-y-para-el-nuevo-frigorifico-de-pequenos-animales\\\/\"]}]},{\"@type\":\"ImageObject\",\"inLanguage\":\"es-AR\",\"@id\":\"https:\\\/\\\/masindustrias.com.ar\\\/mas-campo\\\/2026\\\/08\\\/31\\\/actualidad-del-campo\\\/eduardo-castex-avanzan-los-preparativos-para-la-expo-2026-y-para-el-nuevo-frigorifico-de-pequenos-animales\\\/#primaryimage\",\"url\":\"https:\\\/\\\/masindustrias.com.ar\\\/mas-campo\\\/wp-content\\\/uploads\\\/2026\\\/08\\\/Galeria-APN-25.jpeg\",\"contentUrl\":\"https:\\\/\\\/masindustrias.com.ar\\\/mas-campo\\\/wp-content\\\/uploads\\\/2026\\\/08\\\/Galeria-APN-25.jpeg\",\"width\":885,\"height\":572},{\"@type\":\"BreadcrumbList\",\"@id\":\"https:\\\/\\\/masindustrias.com.ar\\\/mas-campo\\\/2026\\\/08\\\/31\\\/actualidad-del-campo\\\/eduardo-castex-avanzan-los-preparativos-para-la-expo-2026-y-para-el-nuevo-frigorifico-de-pequenos-animales\\\/#breadcrumb\",\"itemListElement\":[{\"@type\":\"ListItem\",\"position\":1,\"name\":\"Inicio\",\"item\":\"https:\\\/\\\/masindustrias.com.ar\\\/mas-campo\\\/\"},{\"@type\":\"ListItem\",\"position\":2,\"name\":\"Eduardo Castex: avanzan los preparativos para la Expo 2026 y para el nuevo frigor\u00edfico de peque\u00f1os animales\"}]},{\"@type\":\"WebSite\",\"@id\":\"https:\\\/\\\/masindustrias.com.ar\\\/mas-campo\\\/#website\",\"url\":\"https:\\\/\\\/masindustrias.com.ar\\\/mas-campo\\\/\",\"name\":\"M\u00e1s Campo\",\"description\":\"Actualidad del Campo y del Sector Agropecuario de Bah\u00eda Blanca y la Regi\u00f3n\",\"publisher\":{\"@id\":\"https:\\\/\\\/masindustrias.com.ar\\\/mas-campo\\\/#organization\"},\"alternateName\":\"M\u00e1s Campo\",\"potentialAction\":[{\"@type\":\"SearchAction\",\"target\":{\"@type\":\"EntryPoint\",\"urlTemplate\":\"https:\\\/\\\/masindustrias.com.ar\\\/mas-campo\\\/?s={search_term_string}\"},\"query-input\":{\"@type\":\"PropertyValueSpecification\",\"valueRequired\":true,\"valueName\":\"search_term_string\"}}],\"inLanguage\":\"es-AR\"},{\"@type\":\"Organization\",\"@id\":\"https:\\\/\\\/masindustrias.com.ar\\\/mas-campo\\\/#organization\",\"name\":\"M\u00e1s Campo\",\"url\":\"https:\\\/\\\/masindustrias.com.ar\\\/mas-campo\\\/\",\"logo\":{\"@type\":\"ImageObject\",\"inLanguage\":\"es-AR\",\"@id\":\"https:\\\/\\\/masindustrias.com.ar\\\/mas-campo\\\/#\\\/schema\\\/logo\\\/image\\\/\",\"url\":\"https:\\\/\\\/masindustrias.com.ar\\\/mas-campo\\\/wp-content\\\/uploads\\\/2025\\\/08\\\/mas-campo-noticias-agicolas.svg\",\"contentUrl\":\"https:\\\/\\\/masindustrias.com.ar\\\/mas-campo\\\/wp-content\\\/uploads\\\/2025\\\/08\\\/mas-campo-noticias-agicolas.svg\",\"width\":455,\"height\":69,\"caption\":\"M\u00e1s Campo\"},\"image\":{\"@id\":\"https:\\\/\\\/masindustrias.com.ar\\\/mas-campo\\\/#\\\/schema\\\/logo\\\/image\\\/\"}},{\"@type\":\"Person\",\"@id\":\"https:\\\/\\\/masindustrias.com.ar\\\/mas-campo\\\/#\\\/schema\\\/person\\\/15852b639e050828fcc5acfd643151e1\",\"name\":\"Melina Vivalda\",\"description\":\"Licenciada en Comunicaci\u00f3n Social, recibida de la UNLPam. Periodista y Community Manager.\",\"sameAs\":[\"https:\\\/\\\/www.linkedin.com\\\/in\\\/melina-vivalda-a04675285?\"],\"url\":\"https:\\\/\\\/masindustrias.com.ar\\\/mas-campo\\\/author\\\/m-vilvalda\\\/\"}]}<\/script>\n<!-- \/ Yoast SEO plugin. -->","yoast_head_json":{"title":"Eduardo Castex: avanzan los preparativos para la Expo 2026 y para el nuevo frigor\u00edfico de peque\u00f1os animales","robots":{"index":"index","follow":"follow","max-snippet":"max-snippet:-1","max-image-preview":"max-image-preview:large","max-video-preview":"max-video-preview:-1"},"canonical":"https:\/\/masindustrias.com.ar\/mas-campo\/2026\/08\/31\/actualidad-del-campo\/eduardo-castex-avanzan-los-preparativos-para-la-expo-2026-y-para-el-nuevo-frigorifico-de-pequenos-animales\/","og_locale":"es_ES","og_type":"article","og_title":"Eduardo Castex: avanzan los preparativos para la Expo 2026 y para el nuevo frigor\u00edfico de peque\u00f1os animales","og_description":"La organizaci\u00f3n de la Expo Castex 2026 y los avances en la construcci\u00f3n del frigor\u00edfico de peque\u00f1os animales fueron los principales temas de la agenda que llev\u00f3 a autoridades del Ministerio de la Producci\u00f3n hasta Eduardo Castex.","og_url":"https:\/\/masindustrias.com.ar\/mas-campo\/2026\/08\/31\/actualidad-del-campo\/eduardo-castex-avanzan-los-preparativos-para-la-expo-2026-y-para-el-nuevo-frigorifico-de-pequenos-animales\/","og_site_name":"M\u00e1s Campo","article_published_time":"2026-08-31T14:18:06+00:00","article_modified_time":"2026-08-31T14:18:07+00:00","og_image":[{"width":885,"height":572,"url":"https:\/\/masindustrias.com.ar\/mas-campo\/wp-content\/uploads\/2026\/08\/Galeria-APN-25.jpeg","type":"image\/jpeg"}],"author":"Melina Vivalda","twitter_card":"summary_large_image","schema":{"@context":"https:\/\/schema.org","@graph":[{"@type":"NewsArticle","@id":"https:\/\/masindustrias.com.ar\/mas-campo\/2026\/08\/31\/actualidad-del-campo\/eduardo-castex-avanzan-los-preparativos-para-la-expo-2026-y-para-el-nuevo-frigorifico-de-pequenos-animales\/#article","isPartOf":{"@id":"https:\/\/masindustrias.com.ar\/mas-campo\/2026\/08\/31\/actualidad-del-campo\/eduardo-castex-avanzan-los-preparativos-para-la-expo-2026-y-para-el-nuevo-frigorifico-de-pequenos-animales\/"},"author":{"name":"Melina Vivalda","@id":"https:\/\/masindustrias.com.ar\/mas-campo\/#\/schema\/person\/15852b639e050828fcc5acfd643151e1"},"headline":"Eduardo Castex: avanzan los preparativos para la Expo 2026 y para el nuevo frigor\u00edfico de peque\u00f1os animales","datePublished":"2026-08-31T14:18:06+00:00","dateModified":"2026-08-31T14:18:07+00:00","mainEntityOfPage":{"@id":"https:\/\/masindustrias.com.ar\/mas-campo\/2026\/08\/31\/actualidad-del-campo\/eduardo-castex-avanzan-los-preparativos-para-la-expo-2026-y-para-el-nuevo-frigorifico-de-pequenos-animales\/"},"wordCount":486,"publisher":{"@id":"https:\/\/masindustrias.com.ar\/mas-campo\/#organization"},"image":{"@id":"https:\/\/masindustrias.com.ar\/mas-campo\/2026\/08\/31\/actualidad-del-campo\/eduardo-castex-avanzan-los-preparativos-para-la-expo-2026-y-para-el-nuevo-frigorifico-de-pequenos-animales\/#primaryimage"},"thumbnailUrl":"https:\/\/masindustrias.com.ar\/mas-campo\/wp-content\/uploads\/2026\/08\/Galeria-APN-25.jpeg","keywords":["Exposiciones"],"articleSection":["Actualidad"],"inLanguage":"es-AR","copyrightYear":"2026","copyrightHolder":{"@id":"https:\/\/masindustrias.com.ar\/mas-campo\/#organization"}},{"@type":"WebPage","@id":"https:\/\/masindustrias.com.ar\/mas-campo\/2026\/08\/31\/actualidad-del-campo\/eduardo-castex-avanzan-los-preparativos-para-la-expo-2026-y-para-el-nuevo-frigorifico-de-pequenos-animales\/","url":"https:\/\/masindustrias.com.ar\/mas-campo\/2026\/08\/31\/actualidad-del-campo\/eduardo-castex-avanzan-los-preparativos-para-la-expo-2026-y-para-el-nuevo-frigorifico-de-pequenos-animales\/","name":"Eduardo Castex: avanzan los preparativos para la Expo 2026 y para el nuevo frigor\u00edfico de peque\u00f1os animales","isPartOf":{"@id":"https:\/\/masindustrias.com.ar\/mas-campo\/#website"},"primaryImageOfPage":{"@id":"https:\/\/masindustrias.com.ar\/mas-campo\/2026\/08\/31\/actualidad-del-campo\/eduardo-castex-avanzan-los-preparativos-para-la-expo-2026-y-para-el-nuevo-frigorifico-de-pequenos-animales\/#primaryimage"},"image":{"@id":"https:\/\/masindustrias.com.ar\/mas-campo\/2026\/08\/31\/actualidad-del-campo\/eduardo-castex-avanzan-los-preparativos-para-la-expo-2026-y-para-el-nuevo-frigorifico-de-pequenos-animales\/#primaryimage"},"thumbnailUrl":"https:\/\/masindustrias.com.ar\/mas-campo\/wp-content\/uploads\/2026\/08\/Galeria-APN-25.jpeg","datePublished":"2026-08-31T14:18:06+00:00","dateModified":"2026-08-31T14:18:07+00:00","breadcrumb":{"@id":"https:\/\/masindustrias.com.ar\/mas-campo\/2026\/08\/31\/actualidad-del-campo\/eduardo-castex-avanzan-los-preparativos-para-la-expo-2026-y-para-el-nuevo-frigorifico-de-pequenos-animales\/#breadcrumb"},"inLanguage":"es-AR","potentialAction":[{"@type":"ReadAction","target":["https:\/\/masindustrias.com.ar\/mas-campo\/2026\/08\/31\/actualidad-del-campo\/eduardo-castex-avanzan-los-preparativos-para-la-expo-2026-y-para-el-nuevo-frigorifico-de-pequenos-animales\/"]}]},{"@type":"ImageObject","inLanguage":"es-AR","@id":"https:\/\/masindustrias.com.ar\/mas-campo\/2026\/08\/31\/actualidad-del-campo\/eduardo-castex-avanzan-los-preparativos-para-la-expo-2026-y-para-el-nuevo-frigorifico-de-pequenos-animales\/#primaryimage","url":"https:\/\/masindustrias.com.ar\/mas-campo\/wp-content\/uploads\/2026\/08\/Galeria-APN-25.jpeg","contentUrl":"https:\/\/masindustrias.com.ar\/mas-campo\/wp-content\/uploads\/2026\/08\/Galeria-APN-25.jpeg","width":885,"height":572},{"@type":"BreadcrumbList","@id":"https:\/\/masindustrias.com.ar\/mas-campo\/2026\/08\/31\/actualidad-del-campo\/eduardo-castex-avanzan-los-preparativos-para-la-expo-2026-y-para-el-nuevo-frigorifico-de-pequenos-animales\/#breadcrumb","itemListElement":[{"@type":"ListItem","position":1,"name":"Inicio","item":"https:\/\/masindustrias.com.ar\/mas-campo\/"},{"@type":"ListItem","position":2,"name":"Eduardo Castex: avanzan los preparativos para la Expo 2026 y para el nuevo frigor\u00edfico de peque\u00f1os animales"}]},{"@type":"WebSite","@id":"https:\/\/masindustrias.com.ar\/mas-campo\/#website","url":"https:\/\/masindustrias.com.ar\/mas-campo\/","name":"M\u00e1s Campo","description":"Actualidad del Campo y del Sector Agropecuario de Bah\u00eda Blanca y la Regi\u00f3n","publisher":{"@id":"https:\/\/masindustrias.com.ar\/mas-campo\/#organization"},"alternateName":"M\u00e1s Campo","potentialAction":[{"@type":"SearchAction","target":{"@type":"EntryPoint","urlTemplate":"https:\/\/masindustrias.com.ar\/mas-campo\/?s={search_term_string}"},"query-input":{"@type":"PropertyValueSpecification","valueRequired":true,"valueName":"search_term_string"}}],"inLanguage":"es-AR"},{"@type":"Organization","@id":"https:\/\/masindustrias.com.ar\/mas-campo\/#organization","name":"M\u00e1s Campo","url":"https:\/\/masindustrias.com.ar\/mas-campo\/","logo":{"@type":"ImageObject","inLanguage":"es-AR","@id":"https:\/\/masindustrias.com.ar\/mas-campo\/#\/schema\/logo\/image\/","url":"https:\/\/masindustrias.com.ar\/mas-campo\/wp-content\/uploads\/2025\/08\/mas-campo-noticias-agicolas.svg","contentUrl":"https:\/\/masindustrias.com.ar\/mas-campo\/wp-content\/uploads\/2025\/08\/mas-campo-noticias-agicolas.svg","width":455,"height":69,"caption":"M\u00e1s Campo"},"image":{"@id":"https:\/\/masindustrias.com.ar\/mas-campo\/#\/schema\/logo\/image\/"}},{"@type":"Person","@id":"https:\/\/masindustrias.com.ar\/mas-campo\/#\/schema\/person\/15852b639e050828fcc5acfd643151e1","name":"Melina Vivalda","description":"Licenciada en Comunicaci\u00f3n Social, recibida de la UNLPam. Periodista y Community Manager.","sameAs":["https:\/\/www.linkedin.com\/in\/melina-vivalda-a04675285?"],"url":"https:\/\/masindustrias.com.ar\/mas-campo\/author\/m-vilvalda\/"}]}},"_links":{"self":[{"href":"https:\/\/masindustrias.com.ar\/mas-campo\/wp-json\/wp\/v2\/posts\/2328","targetHints":{"allow":["GET"]}}],"collection":[{"href":"https:\/\/masindustrias.com.ar\/mas-campo\/wp-json\/wp\/v2\/posts"}],"about":[{"href":"https:\/\/masindustrias.com.ar\/mas-campo\/wp-json\/wp\/v2\/types\/post"}],"author":[{"embeddable":true,"href":"https:\/\/masindustrias.com.ar\/mas-campo\/wp-json\/wp\/v2\/users\/4"}],"replies":[{"embeddable":true,"href":"https:\/\/masindustrias.com.ar\/mas-campo\/wp-json\/wp\/v2\/comments?post=2328"}],"version-history":[{"count":1,"href":"https:\/\/masindustrias.com.ar\/mas-campo\/wp-json\/wp\/v2\/posts\/2328\/revisions"}],"predecessor-version":[{"id":2330,"href":"https:\/\/masindustrias.com.ar\/mas-campo\/wp-json\/wp\/v2\/posts\/2328\/revisions\/2330"}],"wp:featuredmedia":[{"embeddable":true,"href":"https:\/\/masindustrias.com.ar\/mas-campo\/wp-json\/wp\/v2\/media\/2329"}],"wp:attachment":[{"href":"https:\/\/masindustrias.com.ar\/mas-campo\/wp-json\/wp\/v2\/media?parent=2328"}],"wp:term":[{"taxonomy":"category","embeddable":true,"href":"https:\/\/masindustrias.com.ar\/mas-campo\/wp-json\/wp\/v2\/categories?post=2328"},{"taxonomy":"post_tag","embeddable":true,"href":"https:\/\/masindustrias.com.ar\/mas-campo\/wp-json\/wp\/v2\/tags?post=2328"}],"curies":[{"name":"wp","href":"https:\/\/api.w.org\/{rel}","templated":true}]}}