{"id":1395,"date":"2026-04-18T17:19:48","date_gmt":"2026-04-18T20:19:48","guid":{"rendered":"https:\/\/masindustrias.com.ar\/mas-campo\/?p=1395"},"modified":"2026-04-18T17:21:21","modified_gmt":"2026-04-18T20:21:21","slug":"semillas-desde-la-casem-denuncian-un-estancamiento-critico","status":"publish","type":"post","link":"https:\/\/masindustrias.com.ar\/mas-campo\/2026\/04\/18\/biotecnologia\/semillas-desde-la-casem-denuncian-un-estancamiento-critico\/","title":{"rendered":"Semillas: desde la CASEM denuncian un estancamiento cr\u00edtico"},"content":{"rendered":"\n<p>La C\u00e1mara Argentina de Semilleros Multiplicadores (CASEM) ha manifestado una profunda preocupaci\u00f3n por la realidad que atraviesa el mercado de semillas en el pa\u00eds. Seg\u00fan la entidad, <strong>el sistema actual se encuentra en un estado de par\u00e1lisis que compromete seriamente la inversi\u00f3n y la sustentabilidad productiva a largo plazo.<\/strong><\/p>\n\n\n\n<p>El eje del <strong>conflicto radica en el bajo porcentaje de comercializaci\u00f3n de semilla fiscalizada en el segmento de especies aut\u00f3gamas.<\/strong> Esta modalidad es considerada una herramienta clave, ya que es la \u00fanica que garantiza est\u00e1ndares de calidad, trazabilidad y el respaldo t\u00e9cnico necesario para los productores.<\/p>\n\n\n\n<figure class=\"wp-block-image size-large\"><img fetchpriority=\"high\" decoding=\"async\" width=\"1024\" height=\"576\" src=\"https:\/\/masindustrias.com.ar\/mas-campo\/wp-content\/uploads\/2026\/04\/Fiscalizadas-1024x576.webp\" alt=\"\" class=\"wp-image-1397\" srcset=\"https:\/\/masindustrias.com.ar\/mas-campo\/wp-content\/uploads\/2026\/04\/Fiscalizadas-1024x576.webp 1024w, https:\/\/masindustrias.com.ar\/mas-campo\/wp-content\/uploads\/2026\/04\/Fiscalizadas-300x169.webp 300w, https:\/\/masindustrias.com.ar\/mas-campo\/wp-content\/uploads\/2026\/04\/Fiscalizadas-768x432.webp 768w, https:\/\/masindustrias.com.ar\/mas-campo\/wp-content\/uploads\/2026\/04\/Fiscalizadas.webp 1200w\" sizes=\"(max-width: 1024px) 100vw, 1024px\" \/><\/figure>\n\n\n\n<p>Sin embargo, la actual retracci\u00f3n en su uso est\u00e1 debilitando a toda la cadena de valor y, en consecuencia, desalienta la inversi\u00f3n en gen\u00e9tica y tecnolog\u00eda, <strong>afectando directamente la competitividad del agro argentino.<\/strong><\/p>\n\n\n\n<h2 class=\"wp-block-heading\">Un bien estrat\u00e9gico en riesgo<\/h2>\n\n\n\n<p>Para la CASEM, la semilla no debe ser vista como un simple insumo, <strong>sino como un bien estrat\u00e9gico y el primer eslab\u00f3n fundamental de toda la producci\u00f3n agropecuaria nacional.<\/strong> Por este motivo, la entidad subraya que resulta fundamental el rol del Estado a trav\u00e9s del Instituto Nacional de Semillas (INASE).<\/p>\n\n\n\n<blockquote class=\"wp-block-quote is-layout-flow wp-block-quote-is-layout-flow\">\n<p>El reclamo hacia el sector p\u00fablico es claro: el INASE debe actuar como garante de un funcionamiento equilibrado de la cadena, promoviendo reglas claras y condiciones de previsibilidad que favorezcan la innovaci\u00f3n.<\/p>\n<\/blockquote>\n\n\n\n<p>Ante un escenario marcado por posiciones antag\u00f3nicas que frenan el avance del sector, la C\u00e1mara propone la conformaci\u00f3n de una mesa de di\u00e1logo amplia e inclusiva.<strong> El objetivo es integrar a todos los eslabones de la cadena semillera para construir los consensos necesarios<\/strong> que permitan superar el estancamiento actual.<\/p>\n\n\n\n<p>Finalmente, desdela  CASEM informaron que ya cuentan con propuestas concretas orientadas a destrabar esta crisis y expresaron su total disposici\u00f3n para <strong>trabajar de manera conjunta con todos los actores involucrados en la b\u00fasqueda de soluciones<\/strong> que beneficien al conjunto del sistema productivo.<\/p>\n\n\n\n<p><em>Fuente: Prensa CASEM<\/em><\/p>\n","protected":false},"excerpt":{"rendered":"<p>El organismo destaca que la baja comercializaci\u00f3n de unidades fiscalizadas debilita la inversi\u00f3n tecnol\u00f3gica y pone en riesgo la competitividad del sector agroindustrial.<\/p>\n","protected":false},"author":1,"featured_media":1396,"comment_status":"closed","ping_status":"closed","sticky":false,"template":"","format":"standard","meta":{"footnotes":""},"categories":[6],"tags":[34],"class_list":["post-1395","post","type-post","status-publish","format-standard","has-post-thumbnail","hentry","category-biotecnologia","tag-semillas"],"yoast_head":"<!-- This site is optimized with the Yoast SEO plugin v27.4 - https:\/\/yoast.com\/product\/yoast-seo-wordpress\/ -->\n<title>Semillas: desde la CASEM denuncian un estancamiento cr\u00edtico<\/title>\n<meta name=\"robots\" content=\"index, follow, max-snippet:-1, max-image-preview:large, max-video-preview:-1\" \/>\n<link rel=\"canonical\" href=\"https:\/\/masindustrias.com.ar\/mas-campo\/2026\/04\/18\/biotecnologia\/semillas-desde-la-casem-denuncian-un-estancamiento-critico\/\" \/>\n<meta property=\"og:locale\" content=\"es_ES\" \/>\n<meta property=\"og:type\" content=\"article\" \/>\n<meta property=\"og:title\" content=\"Semillas: desde la CASEM denuncian un estancamiento cr\u00edtico\" \/>\n<meta property=\"og:description\" content=\"El organismo destaca que la baja comercializaci\u00f3n de unidades fiscalizadas debilita la inversi\u00f3n tecnol\u00f3gica y pone en riesgo la competitividad del sector agroindustrial.\" \/>\n<meta property=\"og:url\" content=\"https:\/\/masindustrias.com.ar\/mas-campo\/2026\/04\/18\/biotecnologia\/semillas-desde-la-casem-denuncian-un-estancamiento-critico\/\" \/>\n<meta property=\"og:site_name\" content=\"M\u00e1s Campo\" \/>\n<meta property=\"article:published_time\" content=\"2026-04-18T20:19:48+00:00\" \/>\n<meta property=\"article:modified_time\" content=\"2026-04-18T20:21:21+00:00\" \/>\n<meta property=\"og:image\" content=\"https:\/\/masindustrias.com.ar\/mas-campo\/wp-content\/uploads\/2026\/04\/Semillas.jpg\" \/>\n\t<meta property=\"og:image:width\" content=\"1200\" \/>\n\t<meta property=\"og:image:height\" content=\"675\" \/>\n\t<meta property=\"og:image:type\" content=\"image\/jpeg\" \/>\n<meta name=\"author\" content=\"Redacci\u00f3n M\u00e1s Campo\" \/>\n<meta name=\"twitter:card\" content=\"summary_large_image\" \/>\n<script type=\"application\/ld+json\" class=\"yoast-schema-graph\">{\"@context\":\"https:\\\/\\\/schema.org\",\"@graph\":[{\"@type\":\"NewsArticle\",\"@id\":\"https:\\\/\\\/masindustrias.com.ar\\\/mas-campo\\\/2026\\\/04\\\/18\\\/biotecnologia\\\/semillas-desde-la-casem-denuncian-un-estancamiento-critico\\\/#article\",\"isPartOf\":{\"@id\":\"https:\\\/\\\/masindustrias.com.ar\\\/mas-campo\\\/2026\\\/04\\\/18\\\/biotecnologia\\\/semillas-desde-la-casem-denuncian-un-estancamiento-critico\\\/\"},\"author\":{\"name\":\"Redacci\u00f3n M\u00e1s Campo\",\"@id\":\"https:\\\/\\\/masindustrias.com.ar\\\/mas-campo\\\/#\\\/schema\\\/person\\\/628d97aab99dad3321861bf7ce753fd1\"},\"headline\":\"Semillas: desde la CASEM denuncian un estancamiento cr\u00edtico\",\"datePublished\":\"2026-04-18T20:19:48+00:00\",\"dateModified\":\"2026-04-18T20:21:21+00:00\",\"mainEntityOfPage\":{\"@id\":\"https:\\\/\\\/masindustrias.com.ar\\\/mas-campo\\\/2026\\\/04\\\/18\\\/biotecnologia\\\/semillas-desde-la-casem-denuncian-un-estancamiento-critico\\\/\"},\"wordCount\":345,\"publisher\":{\"@id\":\"https:\\\/\\\/masindustrias.com.ar\\\/mas-campo\\\/#organization\"},\"image\":{\"@id\":\"https:\\\/\\\/masindustrias.com.ar\\\/mas-campo\\\/2026\\\/04\\\/18\\\/biotecnologia\\\/semillas-desde-la-casem-denuncian-un-estancamiento-critico\\\/#primaryimage\"},\"thumbnailUrl\":\"https:\\\/\\\/masindustrias.com.ar\\\/mas-campo\\\/wp-content\\\/uploads\\\/2026\\\/04\\\/Semillas.jpg\",\"keywords\":[\"Semillas\"],\"articleSection\":[\"Biotecnolog\u00eda\"],\"inLanguage\":\"es-AR\",\"copyrightYear\":\"2026\",\"copyrightHolder\":{\"@id\":\"https:\\\/\\\/masindustrias.com.ar\\\/mas-campo\\\/#organization\"}},{\"@type\":\"WebPage\",\"@id\":\"https:\\\/\\\/masindustrias.com.ar\\\/mas-campo\\\/2026\\\/04\\\/18\\\/biotecnologia\\\/semillas-desde-la-casem-denuncian-un-estancamiento-critico\\\/\",\"url\":\"https:\\\/\\\/masindustrias.com.ar\\\/mas-campo\\\/2026\\\/04\\\/18\\\/biotecnologia\\\/semillas-desde-la-casem-denuncian-un-estancamiento-critico\\\/\",\"name\":\"Semillas: desde la CASEM denuncian un estancamiento cr\u00edtico\",\"isPartOf\":{\"@id\":\"https:\\\/\\\/masindustrias.com.ar\\\/mas-campo\\\/#website\"},\"primaryImageOfPage\":{\"@id\":\"https:\\\/\\\/masindustrias.com.ar\\\/mas-campo\\\/2026\\\/04\\\/18\\\/biotecnologia\\\/semillas-desde-la-casem-denuncian-un-estancamiento-critico\\\/#primaryimage\"},\"image\":{\"@id\":\"https:\\\/\\\/masindustrias.com.ar\\\/mas-campo\\\/2026\\\/04\\\/18\\\/biotecnologia\\\/semillas-desde-la-casem-denuncian-un-estancamiento-critico\\\/#primaryimage\"},\"thumbnailUrl\":\"https:\\\/\\\/masindustrias.com.ar\\\/mas-campo\\\/wp-content\\\/uploads\\\/2026\\\/04\\\/Semillas.jpg\",\"datePublished\":\"2026-04-18T20:19:48+00:00\",\"dateModified\":\"2026-04-18T20:21:21+00:00\",\"breadcrumb\":{\"@id\":\"https:\\\/\\\/masindustrias.com.ar\\\/mas-campo\\\/2026\\\/04\\\/18\\\/biotecnologia\\\/semillas-desde-la-casem-denuncian-un-estancamiento-critico\\\/#breadcrumb\"},\"inLanguage\":\"es-AR\",\"potentialAction\":[{\"@type\":\"ReadAction\",\"target\":[\"https:\\\/\\\/masindustrias.com.ar\\\/mas-campo\\\/2026\\\/04\\\/18\\\/biotecnologia\\\/semillas-desde-la-casem-denuncian-un-estancamiento-critico\\\/\"]}]},{\"@type\":\"ImageObject\",\"inLanguage\":\"es-AR\",\"@id\":\"https:\\\/\\\/masindustrias.com.ar\\\/mas-campo\\\/2026\\\/04\\\/18\\\/biotecnologia\\\/semillas-desde-la-casem-denuncian-un-estancamiento-critico\\\/#primaryimage\",\"url\":\"https:\\\/\\\/masindustrias.com.ar\\\/mas-campo\\\/wp-content\\\/uploads\\\/2026\\\/04\\\/Semillas.jpg\",\"contentUrl\":\"https:\\\/\\\/masindustrias.com.ar\\\/mas-campo\\\/wp-content\\\/uploads\\\/2026\\\/04\\\/Semillas.jpg\",\"width\":1200,\"height\":675,\"caption\":\"Tambi\u00e9n se afirma que la retracci\u00f3n en el uso desalienta la inversi\u00f3n en gen\u00e9tica y tecnolog\u00eda.\"},{\"@type\":\"BreadcrumbList\",\"@id\":\"https:\\\/\\\/masindustrias.com.ar\\\/mas-campo\\\/2026\\\/04\\\/18\\\/biotecnologia\\\/semillas-desde-la-casem-denuncian-un-estancamiento-critico\\\/#breadcrumb\",\"itemListElement\":[{\"@type\":\"ListItem\",\"position\":1,\"name\":\"Inicio\",\"item\":\"https:\\\/\\\/masindustrias.com.ar\\\/mas-campo\\\/\"},{\"@type\":\"ListItem\",\"position\":2,\"name\":\"Semillas: desde la CASEM denuncian un estancamiento cr\u00edtico\"}]},{\"@type\":\"WebSite\",\"@id\":\"https:\\\/\\\/masindustrias.com.ar\\\/mas-campo\\\/#website\",\"url\":\"https:\\\/\\\/masindustrias.com.ar\\\/mas-campo\\\/\",\"name\":\"M\u00e1s Campo\",\"description\":\"Actualidad del Campo y del Sector Agropecuario de Bah\u00eda Blanca y la Regi\u00f3n\",\"publisher\":{\"@id\":\"https:\\\/\\\/masindustrias.com.ar\\\/mas-campo\\\/#organization\"},\"alternateName\":\"M\u00e1s Campo\",\"potentialAction\":[{\"@type\":\"SearchAction\",\"target\":{\"@type\":\"EntryPoint\",\"urlTemplate\":\"https:\\\/\\\/masindustrias.com.ar\\\/mas-campo\\\/?s={search_term_string}\"},\"query-input\":{\"@type\":\"PropertyValueSpecification\",\"valueRequired\":true,\"valueName\":\"search_term_string\"}}],\"inLanguage\":\"es-AR\"},{\"@type\":\"Organization\",\"@id\":\"https:\\\/\\\/masindustrias.com.ar\\\/mas-campo\\\/#organization\",\"name\":\"M\u00e1s Campo\",\"url\":\"https:\\\/\\\/masindustrias.com.ar\\\/mas-campo\\\/\",\"logo\":{\"@type\":\"ImageObject\",\"inLanguage\":\"es-AR\",\"@id\":\"https:\\\/\\\/masindustrias.com.ar\\\/mas-campo\\\/#\\\/schema\\\/logo\\\/image\\\/\",\"url\":\"https:\\\/\\\/masindustrias.com.ar\\\/mas-campo\\\/wp-content\\\/uploads\\\/2025\\\/08\\\/mas-campo-noticias-agicolas.svg\",\"contentUrl\":\"https:\\\/\\\/masindustrias.com.ar\\\/mas-campo\\\/wp-content\\\/uploads\\\/2025\\\/08\\\/mas-campo-noticias-agicolas.svg\",\"width\":455,\"height\":69,\"caption\":\"M\u00e1s Campo\"},\"image\":{\"@id\":\"https:\\\/\\\/masindustrias.com.ar\\\/mas-campo\\\/#\\\/schema\\\/logo\\\/image\\\/\"}},{\"@type\":\"Person\",\"@id\":\"https:\\\/\\\/masindustrias.com.ar\\\/mas-campo\\\/#\\\/schema\\\/person\\\/628d97aab99dad3321861bf7ce753fd1\",\"name\":\"Redacci\u00f3n M\u00e1s Campo\",\"description\":\"Redacci\u00f3n de M\u00e1s Campo, el medio de comunicaci\u00f3n de Bah\u00eda Blanca, el sudoeste de la provincia de Buenos Aires y la regi\u00f3n, especializado en ganader\u00eda y agricultura.\",\"sameAs\":[\"https:\\\/\\\/masindustrias.com.ar\\\/mas-campo\"],\"url\":\"https:\\\/\\\/masindustrias.com.ar\\\/mas-campo\\\/author\\\/mas-campo\\\/\"}]}<\/script>\n<!-- \/ Yoast SEO plugin. -->","yoast_head_json":{"title":"Semillas: desde la CASEM denuncian un estancamiento cr\u00edtico","robots":{"index":"index","follow":"follow","max-snippet":"max-snippet:-1","max-image-preview":"max-image-preview:large","max-video-preview":"max-video-preview:-1"},"canonical":"https:\/\/masindustrias.com.ar\/mas-campo\/2026\/04\/18\/biotecnologia\/semillas-desde-la-casem-denuncian-un-estancamiento-critico\/","og_locale":"es_ES","og_type":"article","og_title":"Semillas: desde la CASEM denuncian un estancamiento cr\u00edtico","og_description":"El organismo destaca que la baja comercializaci\u00f3n de unidades fiscalizadas debilita la inversi\u00f3n tecnol\u00f3gica y pone en riesgo la competitividad del sector agroindustrial.","og_url":"https:\/\/masindustrias.com.ar\/mas-campo\/2026\/04\/18\/biotecnologia\/semillas-desde-la-casem-denuncian-un-estancamiento-critico\/","og_site_name":"M\u00e1s Campo","article_published_time":"2026-04-18T20:19:48+00:00","article_modified_time":"2026-04-18T20:21:21+00:00","og_image":[{"width":1200,"height":675,"url":"https:\/\/masindustrias.com.ar\/mas-campo\/wp-content\/uploads\/2026\/04\/Semillas.jpg","type":"image\/jpeg"}],"author":"Redacci\u00f3n M\u00e1s Campo","twitter_card":"summary_large_image","schema":{"@context":"https:\/\/schema.org","@graph":[{"@type":"NewsArticle","@id":"https:\/\/masindustrias.com.ar\/mas-campo\/2026\/04\/18\/biotecnologia\/semillas-desde-la-casem-denuncian-un-estancamiento-critico\/#article","isPartOf":{"@id":"https:\/\/masindustrias.com.ar\/mas-campo\/2026\/04\/18\/biotecnologia\/semillas-desde-la-casem-denuncian-un-estancamiento-critico\/"},"author":{"name":"Redacci\u00f3n M\u00e1s Campo","@id":"https:\/\/masindustrias.com.ar\/mas-campo\/#\/schema\/person\/628d97aab99dad3321861bf7ce753fd1"},"headline":"Semillas: desde la CASEM denuncian un estancamiento cr\u00edtico","datePublished":"2026-04-18T20:19:48+00:00","dateModified":"2026-04-18T20:21:21+00:00","mainEntityOfPage":{"@id":"https:\/\/masindustrias.com.ar\/mas-campo\/2026\/04\/18\/biotecnologia\/semillas-desde-la-casem-denuncian-un-estancamiento-critico\/"},"wordCount":345,"publisher":{"@id":"https:\/\/masindustrias.com.ar\/mas-campo\/#organization"},"image":{"@id":"https:\/\/masindustrias.com.ar\/mas-campo\/2026\/04\/18\/biotecnologia\/semillas-desde-la-casem-denuncian-un-estancamiento-critico\/#primaryimage"},"thumbnailUrl":"https:\/\/masindustrias.com.ar\/mas-campo\/wp-content\/uploads\/2026\/04\/Semillas.jpg","keywords":["Semillas"],"articleSection":["Biotecnolog\u00eda"],"inLanguage":"es-AR","copyrightYear":"2026","copyrightHolder":{"@id":"https:\/\/masindustrias.com.ar\/mas-campo\/#organization"}},{"@type":"WebPage","@id":"https:\/\/masindustrias.com.ar\/mas-campo\/2026\/04\/18\/biotecnologia\/semillas-desde-la-casem-denuncian-un-estancamiento-critico\/","url":"https:\/\/masindustrias.com.ar\/mas-campo\/2026\/04\/18\/biotecnologia\/semillas-desde-la-casem-denuncian-un-estancamiento-critico\/","name":"Semillas: desde la CASEM denuncian un estancamiento cr\u00edtico","isPartOf":{"@id":"https:\/\/masindustrias.com.ar\/mas-campo\/#website"},"primaryImageOfPage":{"@id":"https:\/\/masindustrias.com.ar\/mas-campo\/2026\/04\/18\/biotecnologia\/semillas-desde-la-casem-denuncian-un-estancamiento-critico\/#primaryimage"},"image":{"@id":"https:\/\/masindustrias.com.ar\/mas-campo\/2026\/04\/18\/biotecnologia\/semillas-desde-la-casem-denuncian-un-estancamiento-critico\/#primaryimage"},"thumbnailUrl":"https:\/\/masindustrias.com.ar\/mas-campo\/wp-content\/uploads\/2026\/04\/Semillas.jpg","datePublished":"2026-04-18T20:19:48+00:00","dateModified":"2026-04-18T20:21:21+00:00","breadcrumb":{"@id":"https:\/\/masindustrias.com.ar\/mas-campo\/2026\/04\/18\/biotecnologia\/semillas-desde-la-casem-denuncian-un-estancamiento-critico\/#breadcrumb"},"inLanguage":"es-AR","potentialAction":[{"@type":"ReadAction","target":["https:\/\/masindustrias.com.ar\/mas-campo\/2026\/04\/18\/biotecnologia\/semillas-desde-la-casem-denuncian-un-estancamiento-critico\/"]}]},{"@type":"ImageObject","inLanguage":"es-AR","@id":"https:\/\/masindustrias.com.ar\/mas-campo\/2026\/04\/18\/biotecnologia\/semillas-desde-la-casem-denuncian-un-estancamiento-critico\/#primaryimage","url":"https:\/\/masindustrias.com.ar\/mas-campo\/wp-content\/uploads\/2026\/04\/Semillas.jpg","contentUrl":"https:\/\/masindustrias.com.ar\/mas-campo\/wp-content\/uploads\/2026\/04\/Semillas.jpg","width":1200,"height":675,"caption":"Tambi\u00e9n se afirma que la retracci\u00f3n en el uso desalienta la inversi\u00f3n en gen\u00e9tica y tecnolog\u00eda."},{"@type":"BreadcrumbList","@id":"https:\/\/masindustrias.com.ar\/mas-campo\/2026\/04\/18\/biotecnologia\/semillas-desde-la-casem-denuncian-un-estancamiento-critico\/#breadcrumb","itemListElement":[{"@type":"ListItem","position":1,"name":"Inicio","item":"https:\/\/masindustrias.com.ar\/mas-campo\/"},{"@type":"ListItem","position":2,"name":"Semillas: desde la CASEM denuncian un estancamiento cr\u00edtico"}]},{"@type":"WebSite","@id":"https:\/\/masindustrias.com.ar\/mas-campo\/#website","url":"https:\/\/masindustrias.com.ar\/mas-campo\/","name":"M\u00e1s Campo","description":"Actualidad del Campo y del Sector Agropecuario de Bah\u00eda Blanca y la Regi\u00f3n","publisher":{"@id":"https:\/\/masindustrias.com.ar\/mas-campo\/#organization"},"alternateName":"M\u00e1s Campo","potentialAction":[{"@type":"SearchAction","target":{"@type":"EntryPoint","urlTemplate":"https:\/\/masindustrias.com.ar\/mas-campo\/?s={search_term_string}"},"query-input":{"@type":"PropertyValueSpecification","valueRequired":true,"valueName":"search_term_string"}}],"inLanguage":"es-AR"},{"@type":"Organization","@id":"https:\/\/masindustrias.com.ar\/mas-campo\/#organization","name":"M\u00e1s Campo","url":"https:\/\/masindustrias.com.ar\/mas-campo\/","logo":{"@type":"ImageObject","inLanguage":"es-AR","@id":"https:\/\/masindustrias.com.ar\/mas-campo\/#\/schema\/logo\/image\/","url":"https:\/\/masindustrias.com.ar\/mas-campo\/wp-content\/uploads\/2025\/08\/mas-campo-noticias-agicolas.svg","contentUrl":"https:\/\/masindustrias.com.ar\/mas-campo\/wp-content\/uploads\/2025\/08\/mas-campo-noticias-agicolas.svg","width":455,"height":69,"caption":"M\u00e1s Campo"},"image":{"@id":"https:\/\/masindustrias.com.ar\/mas-campo\/#\/schema\/logo\/image\/"}},{"@type":"Person","@id":"https:\/\/masindustrias.com.ar\/mas-campo\/#\/schema\/person\/628d97aab99dad3321861bf7ce753fd1","name":"Redacci\u00f3n M\u00e1s Campo","description":"Redacci\u00f3n de M\u00e1s Campo, el medio de comunicaci\u00f3n de Bah\u00eda Blanca, el sudoeste de la provincia de Buenos Aires y la regi\u00f3n, especializado en ganader\u00eda y agricultura.","sameAs":["https:\/\/masindustrias.com.ar\/mas-campo"],"url":"https:\/\/masindustrias.com.ar\/mas-campo\/author\/mas-campo\/"}]}},"_links":{"self":[{"href":"https:\/\/masindustrias.com.ar\/mas-campo\/wp-json\/wp\/v2\/posts\/1395","targetHints":{"allow":["GET"]}}],"collection":[{"href":"https:\/\/masindustrias.com.ar\/mas-campo\/wp-json\/wp\/v2\/posts"}],"about":[{"href":"https:\/\/masindustrias.com.ar\/mas-campo\/wp-json\/wp\/v2\/types\/post"}],"author":[{"embeddable":true,"href":"https:\/\/masindustrias.com.ar\/mas-campo\/wp-json\/wp\/v2\/users\/1"}],"replies":[{"embeddable":true,"href":"https:\/\/masindustrias.com.ar\/mas-campo\/wp-json\/wp\/v2\/comments?post=1395"}],"version-history":[{"count":2,"href":"https:\/\/masindustrias.com.ar\/mas-campo\/wp-json\/wp\/v2\/posts\/1395\/revisions"}],"predecessor-version":[{"id":1400,"href":"https:\/\/masindustrias.com.ar\/mas-campo\/wp-json\/wp\/v2\/posts\/1395\/revisions\/1400"}],"wp:featuredmedia":[{"embeddable":true,"href":"https:\/\/masindustrias.com.ar\/mas-campo\/wp-json\/wp\/v2\/media\/1396"}],"wp:attachment":[{"href":"https:\/\/masindustrias.com.ar\/mas-campo\/wp-json\/wp\/v2\/media?parent=1395"}],"wp:term":[{"taxonomy":"category","embeddable":true,"href":"https:\/\/masindustrias.com.ar\/mas-campo\/wp-json\/wp\/v2\/categories?post=1395"},{"taxonomy":"post_tag","embeddable":true,"href":"https:\/\/masindustrias.com.ar\/mas-campo\/wp-json\/wp\/v2\/tags?post=1395"}],"curies":[{"name":"wp","href":"https:\/\/api.w.org\/{rel}","templated":true}]}}