{"id":1124,"date":"2026-02-01T13:51:11","date_gmt":"2026-02-01T16:51:11","guid":{"rendered":"https:\/\/masindustrias.com.ar\/mas-campo\/?p=1124"},"modified":"2026-04-17T19:52:03","modified_gmt":"2026-04-17T22:52:03","slug":"la-ue-y-la-biotecnologia-agricola-de-que-manera-impacta-en-la-argentina","status":"publish","type":"post","link":"https:\/\/masindustrias.com.ar\/mas-campo\/2026\/02\/01\/biotecnologia\/la-ue-y-la-biotecnologia-agricola-de-que-manera-impacta-en-la-argentina\/","title":{"rendered":"La UE y la biotecnolog\u00eda agr\u00edcola: de qu\u00e9 manera impacta en la Argentina"},"content":{"rendered":"\n<p>Con el \u00faltimo acuerdo pol\u00edtico provisional para establecer un nuevo marco regulatorio sobre las Nuevas T\u00e9cnicas Gen\u00f3micas (NTG), se procura <strong>modernizar las normativas vigentes y permitir que Europa se sume a la tendencia global de integrar innovaciones cient\u00edficas para obtener cultivos m\u00e1s resilientes, sostenibles y eficientes<\/strong>.<\/p>\n\n\n\n<p>El nuevo marco legal propuesto por la Uni\u00f3n Europea diferencia las plantas obtenidas mediante NTG en dos grandes grupos, bas\u00e1ndose en su similitud con las variedades convencionales:<\/p>\n\n\n\n<p>\u2014<strong>Categor\u00eda 1<\/strong>: incluye a las plantas consideradas equivalentes a las convencionales. Estas variedades estar\u00e1n sujetas a un proceso de verificaci\u00f3n simplificado y no requerir\u00e1n el etiquetado de OGM (Organismo Gen\u00e9ticamente Modificado) para el consumidor final, aunque s\u00ed deber\u00e1n identificarse las semillas.<\/p>\n\n\n\n<p>\u2014<strong>Categor\u00eda 2<\/strong>: agrupa a las plantas que no cumplen con los criterios de equivalencia convencional. Estas seguir\u00e1n bajo la estricta legislaci\u00f3n vigente de OGM, lo que implica procesos de evaluaci\u00f3n de riesgos, autorizaci\u00f3n previa, trazabilidad y etiquetado obligatorio como OGM.<\/p>\n\n\n\n<blockquote class=\"wp-block-quote is-layout-flow wp-block-quote-is-layout-flow\">\n<p>Esta diferenciaci\u00f3n busca reducir significativamente la carga administrativa para los desarrolladores, garantizando al mismo tiempo altos est\u00e1ndares de seguridad ambiental y alimentaria.<\/p>\n<\/blockquote>\n\n\n\n<p>La adopci\u00f3n de las NTG es vista por las autoridades europeas como una herramienta clave para enfrentar el desaf\u00edo de alimentar a una poblaci\u00f3n mundial creciente produciendo m\u00e1s con menos recursos. Al establecer reglas claras, <strong>se busca que los agricultores europeos alcancen una igualdad de condiciones respecto a sus pares internacionales<\/strong>, fomentando la competitividad en los sectores agr\u00edcola y de la bioeconom\u00eda.<\/p>\n\n\n\n<h2 class=\"wp-block-heading\">La Argentina, pionera desde 2015<\/h2>\n\n\n\n<p>La decisi\u00f3n de la UE tiene repercusiones directas y sumamente positivas para la Argentina, un pa\u00eds que es pionero global en la regulaci\u00f3n de la edici\u00f3n g\u00e9nica. Algunas de ellas son las siguientes:<\/p>\n\n\n\n<p>\u2014<strong>Sincronizaci\u00f3n Regulatoria<\/strong>: la Argentina cuenta, desde 2015, con una normativa de vanguardia para las NTG. El hecho de que la UE, uno de los principales destinos de las exportaciones agroindustriales argentinas, adopte criterios basados en ciencia para simplificar la aprobaci\u00f3n de cultivos de Categor\u00eda 1, reduce el riesgo de barreras comerciales no arancelarias.<\/p>\n\n\n\n<figure class=\"wp-block-image size-large\"><img fetchpriority=\"high\" decoding=\"async\" width=\"1024\" height=\"576\" src=\"https:\/\/masindustrias.com.ar\/mas-campo\/wp-content\/uploads\/2026\/02\/Genomica-1024x576.jpg\" alt=\"\" class=\"wp-image-1126\" srcset=\"https:\/\/masindustrias.com.ar\/mas-campo\/wp-content\/uploads\/2026\/02\/Genomica-1024x576.jpg 1024w, https:\/\/masindustrias.com.ar\/mas-campo\/wp-content\/uploads\/2026\/02\/Genomica-300x169.jpg 300w, https:\/\/masindustrias.com.ar\/mas-campo\/wp-content\/uploads\/2026\/02\/Genomica-768x432.jpg 768w, https:\/\/masindustrias.com.ar\/mas-campo\/wp-content\/uploads\/2026\/02\/Genomica.jpg 1200w\" sizes=\"(max-width: 1024px) 100vw, 1024px\" \/><\/figure>\n\n\n\n<p>\u2014<strong>Impulso a las Exportaciones<\/strong>: al no requerir etiquetado de OGM para productos de la Categor\u00eda 1, se facilita el acceso de granos y derivados argentinos producidos con edici\u00f3n g\u00e9nica al mercado europeo, evitando el estigma que hist\u00f3ricamente ha frenado el comercio de biotecnolog\u00eda en esa regi\u00f3n.<\/p>\n\n\n\n<p>\u2014<strong>Liderazgo Regional<\/strong>: este avance europeo convalida el camino tomado por instituciones argentinas como el INTA y empresas biotecnol\u00f3gicas locales, que ya trabajan en desarrollos para mejorar la resistencia a la sequ\u00eda o la calidad nutricional de los cultivos. <strong>La medida de la UE refuerza la posici\u00f3n de la Argentina como proveedor confiable de innovaciones tecnol\u00f3gicas para un sistema alimentario global m\u00e1s sustentable.<\/strong><\/p>\n","protected":false},"excerpt":{"rendered":"<p>La adopci\u00f3n de las Nuevas T\u00e9cnicas Gen\u00f3micas (NTG) es vista por las autoridades europeas como una herramienta clave para alimentar a una poblaci\u00f3n mundial creciente produciendo m\u00e1s con menos recursos.<\/p>\n","protected":false},"author":1,"featured_media":1125,"comment_status":"closed","ping_status":"closed","sticky":false,"template":"","format":"standard","meta":{"footnotes":""},"categories":[6],"tags":[189,190],"class_list":["post-1124","post","type-post","status-publish","format-standard","has-post-thumbnail","hentry","category-biotecnologia","tag-cultivos","tag-ue"],"yoast_head":"<!-- This site is optimized with the Yoast SEO plugin v27.4 - https:\/\/yoast.com\/product\/yoast-seo-wordpress\/ -->\n<title>La UE y la biotecnolog\u00eda agr\u00edcola: de qu\u00e9 manera impacta en la Argentina<\/title>\n<meta name=\"robots\" content=\"index, follow, max-snippet:-1, max-image-preview:large, max-video-preview:-1\" \/>\n<link rel=\"canonical\" href=\"https:\/\/masindustrias.com.ar\/mas-campo\/2026\/02\/01\/biotecnologia\/la-ue-y-la-biotecnologia-agricola-de-que-manera-impacta-en-la-argentina\/\" \/>\n<meta property=\"og:locale\" content=\"es_ES\" \/>\n<meta property=\"og:type\" content=\"article\" \/>\n<meta property=\"og:title\" content=\"La UE y la biotecnolog\u00eda agr\u00edcola: de qu\u00e9 manera impacta en la Argentina\" \/>\n<meta property=\"og:description\" content=\"La adopci\u00f3n de las Nuevas T\u00e9cnicas Gen\u00f3micas (NTG) es vista por las autoridades europeas como una herramienta clave para alimentar a una poblaci\u00f3n mundial creciente produciendo m\u00e1s con menos recursos.\" \/>\n<meta property=\"og:url\" content=\"https:\/\/masindustrias.com.ar\/mas-campo\/2026\/02\/01\/biotecnologia\/la-ue-y-la-biotecnologia-agricola-de-que-manera-impacta-en-la-argentina\/\" \/>\n<meta property=\"og:site_name\" content=\"M\u00e1s Campo\" \/>\n<meta property=\"article:published_time\" content=\"2026-02-01T16:51:11+00:00\" \/>\n<meta property=\"article:modified_time\" content=\"2026-04-17T22:52:03+00:00\" \/>\n<meta property=\"og:image\" content=\"https:\/\/masindustrias.com.ar\/mas-campo\/wp-content\/uploads\/2026\/02\/NTG.jpg\" \/>\n\t<meta property=\"og:image:width\" content=\"1200\" \/>\n\t<meta property=\"og:image:height\" content=\"737\" \/>\n\t<meta property=\"og:image:type\" content=\"image\/jpeg\" \/>\n<meta name=\"author\" content=\"Redacci\u00f3n M\u00e1s Campo\" \/>\n<meta name=\"twitter:card\" content=\"summary_large_image\" \/>\n<script type=\"application\/ld+json\" class=\"yoast-schema-graph\">{\"@context\":\"https:\\\/\\\/schema.org\",\"@graph\":[{\"@type\":\"NewsArticle\",\"@id\":\"https:\\\/\\\/masindustrias.com.ar\\\/mas-campo\\\/2026\\\/02\\\/01\\\/biotecnologia\\\/la-ue-y-la-biotecnologia-agricola-de-que-manera-impacta-en-la-argentina\\\/#article\",\"isPartOf\":{\"@id\":\"https:\\\/\\\/masindustrias.com.ar\\\/mas-campo\\\/2026\\\/02\\\/01\\\/biotecnologia\\\/la-ue-y-la-biotecnologia-agricola-de-que-manera-impacta-en-la-argentina\\\/\"},\"author\":{\"name\":\"Redacci\u00f3n M\u00e1s Campo\",\"@id\":\"https:\\\/\\\/masindustrias.com.ar\\\/mas-campo\\\/#\\\/schema\\\/person\\\/628d97aab99dad3321861bf7ce753fd1\"},\"headline\":\"La UE y la biotecnolog\u00eda agr\u00edcola: de qu\u00e9 manera impacta en la Argentina\",\"datePublished\":\"2026-02-01T16:51:11+00:00\",\"dateModified\":\"2026-04-17T22:52:03+00:00\",\"mainEntityOfPage\":{\"@id\":\"https:\\\/\\\/masindustrias.com.ar\\\/mas-campo\\\/2026\\\/02\\\/01\\\/biotecnologia\\\/la-ue-y-la-biotecnologia-agricola-de-que-manera-impacta-en-la-argentina\\\/\"},\"wordCount\":491,\"publisher\":{\"@id\":\"https:\\\/\\\/masindustrias.com.ar\\\/mas-campo\\\/#organization\"},\"image\":{\"@id\":\"https:\\\/\\\/masindustrias.com.ar\\\/mas-campo\\\/2026\\\/02\\\/01\\\/biotecnologia\\\/la-ue-y-la-biotecnologia-agricola-de-que-manera-impacta-en-la-argentina\\\/#primaryimage\"},\"thumbnailUrl\":\"https:\\\/\\\/masindustrias.com.ar\\\/mas-campo\\\/wp-content\\\/uploads\\\/2026\\\/02\\\/NTG.jpg\",\"keywords\":[\"Cultivos\",\"UE\"],\"articleSection\":[\"Biotecnolog\u00eda\"],\"inLanguage\":\"es-AR\",\"copyrightYear\":\"2026\",\"copyrightHolder\":{\"@id\":\"https:\\\/\\\/masindustrias.com.ar\\\/mas-campo\\\/#organization\"}},{\"@type\":\"WebPage\",\"@id\":\"https:\\\/\\\/masindustrias.com.ar\\\/mas-campo\\\/2026\\\/02\\\/01\\\/biotecnologia\\\/la-ue-y-la-biotecnologia-agricola-de-que-manera-impacta-en-la-argentina\\\/\",\"url\":\"https:\\\/\\\/masindustrias.com.ar\\\/mas-campo\\\/2026\\\/02\\\/01\\\/biotecnologia\\\/la-ue-y-la-biotecnologia-agricola-de-que-manera-impacta-en-la-argentina\\\/\",\"name\":\"La UE y la biotecnolog\u00eda agr\u00edcola: de qu\u00e9 manera impacta en la Argentina\",\"isPartOf\":{\"@id\":\"https:\\\/\\\/masindustrias.com.ar\\\/mas-campo\\\/#website\"},\"primaryImageOfPage\":{\"@id\":\"https:\\\/\\\/masindustrias.com.ar\\\/mas-campo\\\/2026\\\/02\\\/01\\\/biotecnologia\\\/la-ue-y-la-biotecnologia-agricola-de-que-manera-impacta-en-la-argentina\\\/#primaryimage\"},\"image\":{\"@id\":\"https:\\\/\\\/masindustrias.com.ar\\\/mas-campo\\\/2026\\\/02\\\/01\\\/biotecnologia\\\/la-ue-y-la-biotecnologia-agricola-de-que-manera-impacta-en-la-argentina\\\/#primaryimage\"},\"thumbnailUrl\":\"https:\\\/\\\/masindustrias.com.ar\\\/mas-campo\\\/wp-content\\\/uploads\\\/2026\\\/02\\\/NTG.jpg\",\"datePublished\":\"2026-02-01T16:51:11+00:00\",\"dateModified\":\"2026-04-17T22:52:03+00:00\",\"breadcrumb\":{\"@id\":\"https:\\\/\\\/masindustrias.com.ar\\\/mas-campo\\\/2026\\\/02\\\/01\\\/biotecnologia\\\/la-ue-y-la-biotecnologia-agricola-de-que-manera-impacta-en-la-argentina\\\/#breadcrumb\"},\"inLanguage\":\"es-AR\",\"potentialAction\":[{\"@type\":\"ReadAction\",\"target\":[\"https:\\\/\\\/masindustrias.com.ar\\\/mas-campo\\\/2026\\\/02\\\/01\\\/biotecnologia\\\/la-ue-y-la-biotecnologia-agricola-de-que-manera-impacta-en-la-argentina\\\/\"]}]},{\"@type\":\"ImageObject\",\"inLanguage\":\"es-AR\",\"@id\":\"https:\\\/\\\/masindustrias.com.ar\\\/mas-campo\\\/2026\\\/02\\\/01\\\/biotecnologia\\\/la-ue-y-la-biotecnologia-agricola-de-que-manera-impacta-en-la-argentina\\\/#primaryimage\",\"url\":\"https:\\\/\\\/masindustrias.com.ar\\\/mas-campo\\\/wp-content\\\/uploads\\\/2026\\\/02\\\/NTG.jpg\",\"contentUrl\":\"https:\\\/\\\/masindustrias.com.ar\\\/mas-campo\\\/wp-content\\\/uploads\\\/2026\\\/02\\\/NTG.jpg\",\"width\":1200,\"height\":737,\"caption\":\"La diferenciaci\u00f3n busca reducir la carga administrativa para los desarrolladores garantizando, al mismo tiempo, altos est\u00e1ndares de seguridad ambiental y alimentaria.\"},{\"@type\":\"BreadcrumbList\",\"@id\":\"https:\\\/\\\/masindustrias.com.ar\\\/mas-campo\\\/2026\\\/02\\\/01\\\/biotecnologia\\\/la-ue-y-la-biotecnologia-agricola-de-que-manera-impacta-en-la-argentina\\\/#breadcrumb\",\"itemListElement\":[{\"@type\":\"ListItem\",\"position\":1,\"name\":\"Inicio\",\"item\":\"https:\\\/\\\/masindustrias.com.ar\\\/mas-campo\\\/\"},{\"@type\":\"ListItem\",\"position\":2,\"name\":\"La UE y la biotecnolog\u00eda agr\u00edcola: de qu\u00e9 manera impacta en la Argentina\"}]},{\"@type\":\"WebSite\",\"@id\":\"https:\\\/\\\/masindustrias.com.ar\\\/mas-campo\\\/#website\",\"url\":\"https:\\\/\\\/masindustrias.com.ar\\\/mas-campo\\\/\",\"name\":\"M\u00e1s Campo\",\"description\":\"Actualidad del Campo y del Sector Agropecuario de Bah\u00eda Blanca y la Regi\u00f3n\",\"publisher\":{\"@id\":\"https:\\\/\\\/masindustrias.com.ar\\\/mas-campo\\\/#organization\"},\"alternateName\":\"M\u00e1s Campo\",\"potentialAction\":[{\"@type\":\"SearchAction\",\"target\":{\"@type\":\"EntryPoint\",\"urlTemplate\":\"https:\\\/\\\/masindustrias.com.ar\\\/mas-campo\\\/?s={search_term_string}\"},\"query-input\":{\"@type\":\"PropertyValueSpecification\",\"valueRequired\":true,\"valueName\":\"search_term_string\"}}],\"inLanguage\":\"es-AR\"},{\"@type\":\"Organization\",\"@id\":\"https:\\\/\\\/masindustrias.com.ar\\\/mas-campo\\\/#organization\",\"name\":\"M\u00e1s Campo\",\"url\":\"https:\\\/\\\/masindustrias.com.ar\\\/mas-campo\\\/\",\"logo\":{\"@type\":\"ImageObject\",\"inLanguage\":\"es-AR\",\"@id\":\"https:\\\/\\\/masindustrias.com.ar\\\/mas-campo\\\/#\\\/schema\\\/logo\\\/image\\\/\",\"url\":\"https:\\\/\\\/masindustrias.com.ar\\\/mas-campo\\\/wp-content\\\/uploads\\\/2025\\\/08\\\/mas-campo-noticias-agicolas.svg\",\"contentUrl\":\"https:\\\/\\\/masindustrias.com.ar\\\/mas-campo\\\/wp-content\\\/uploads\\\/2025\\\/08\\\/mas-campo-noticias-agicolas.svg\",\"width\":455,\"height\":69,\"caption\":\"M\u00e1s Campo\"},\"image\":{\"@id\":\"https:\\\/\\\/masindustrias.com.ar\\\/mas-campo\\\/#\\\/schema\\\/logo\\\/image\\\/\"}},{\"@type\":\"Person\",\"@id\":\"https:\\\/\\\/masindustrias.com.ar\\\/mas-campo\\\/#\\\/schema\\\/person\\\/628d97aab99dad3321861bf7ce753fd1\",\"name\":\"Redacci\u00f3n M\u00e1s Campo\",\"description\":\"Redacci\u00f3n de M\u00e1s Campo, el medio de comunicaci\u00f3n de Bah\u00eda Blanca, el sudoeste de la provincia de Buenos Aires y la regi\u00f3n, especializado en ganader\u00eda y agricultura.\",\"sameAs\":[\"https:\\\/\\\/masindustrias.com.ar\\\/mas-campo\"],\"url\":\"https:\\\/\\\/masindustrias.com.ar\\\/mas-campo\\\/author\\\/mas-campo\\\/\"}]}<\/script>\n<!-- \/ Yoast SEO plugin. -->","yoast_head_json":{"title":"La UE y la biotecnolog\u00eda agr\u00edcola: de qu\u00e9 manera impacta en la Argentina","robots":{"index":"index","follow":"follow","max-snippet":"max-snippet:-1","max-image-preview":"max-image-preview:large","max-video-preview":"max-video-preview:-1"},"canonical":"https:\/\/masindustrias.com.ar\/mas-campo\/2026\/02\/01\/biotecnologia\/la-ue-y-la-biotecnologia-agricola-de-que-manera-impacta-en-la-argentina\/","og_locale":"es_ES","og_type":"article","og_title":"La UE y la biotecnolog\u00eda agr\u00edcola: de qu\u00e9 manera impacta en la Argentina","og_description":"La adopci\u00f3n de las Nuevas T\u00e9cnicas Gen\u00f3micas (NTG) es vista por las autoridades europeas como una herramienta clave para alimentar a una poblaci\u00f3n mundial creciente produciendo m\u00e1s con menos recursos.","og_url":"https:\/\/masindustrias.com.ar\/mas-campo\/2026\/02\/01\/biotecnologia\/la-ue-y-la-biotecnologia-agricola-de-que-manera-impacta-en-la-argentina\/","og_site_name":"M\u00e1s Campo","article_published_time":"2026-02-01T16:51:11+00:00","article_modified_time":"2026-04-17T22:52:03+00:00","og_image":[{"width":1200,"height":737,"url":"https:\/\/masindustrias.com.ar\/mas-campo\/wp-content\/uploads\/2026\/02\/NTG.jpg","type":"image\/jpeg"}],"author":"Redacci\u00f3n M\u00e1s Campo","twitter_card":"summary_large_image","schema":{"@context":"https:\/\/schema.org","@graph":[{"@type":"NewsArticle","@id":"https:\/\/masindustrias.com.ar\/mas-campo\/2026\/02\/01\/biotecnologia\/la-ue-y-la-biotecnologia-agricola-de-que-manera-impacta-en-la-argentina\/#article","isPartOf":{"@id":"https:\/\/masindustrias.com.ar\/mas-campo\/2026\/02\/01\/biotecnologia\/la-ue-y-la-biotecnologia-agricola-de-que-manera-impacta-en-la-argentina\/"},"author":{"name":"Redacci\u00f3n M\u00e1s Campo","@id":"https:\/\/masindustrias.com.ar\/mas-campo\/#\/schema\/person\/628d97aab99dad3321861bf7ce753fd1"},"headline":"La UE y la biotecnolog\u00eda agr\u00edcola: de qu\u00e9 manera impacta en la Argentina","datePublished":"2026-02-01T16:51:11+00:00","dateModified":"2026-04-17T22:52:03+00:00","mainEntityOfPage":{"@id":"https:\/\/masindustrias.com.ar\/mas-campo\/2026\/02\/01\/biotecnologia\/la-ue-y-la-biotecnologia-agricola-de-que-manera-impacta-en-la-argentina\/"},"wordCount":491,"publisher":{"@id":"https:\/\/masindustrias.com.ar\/mas-campo\/#organization"},"image":{"@id":"https:\/\/masindustrias.com.ar\/mas-campo\/2026\/02\/01\/biotecnologia\/la-ue-y-la-biotecnologia-agricola-de-que-manera-impacta-en-la-argentina\/#primaryimage"},"thumbnailUrl":"https:\/\/masindustrias.com.ar\/mas-campo\/wp-content\/uploads\/2026\/02\/NTG.jpg","keywords":["Cultivos","UE"],"articleSection":["Biotecnolog\u00eda"],"inLanguage":"es-AR","copyrightYear":"2026","copyrightHolder":{"@id":"https:\/\/masindustrias.com.ar\/mas-campo\/#organization"}},{"@type":"WebPage","@id":"https:\/\/masindustrias.com.ar\/mas-campo\/2026\/02\/01\/biotecnologia\/la-ue-y-la-biotecnologia-agricola-de-que-manera-impacta-en-la-argentina\/","url":"https:\/\/masindustrias.com.ar\/mas-campo\/2026\/02\/01\/biotecnologia\/la-ue-y-la-biotecnologia-agricola-de-que-manera-impacta-en-la-argentina\/","name":"La UE y la biotecnolog\u00eda agr\u00edcola: de qu\u00e9 manera impacta en la Argentina","isPartOf":{"@id":"https:\/\/masindustrias.com.ar\/mas-campo\/#website"},"primaryImageOfPage":{"@id":"https:\/\/masindustrias.com.ar\/mas-campo\/2026\/02\/01\/biotecnologia\/la-ue-y-la-biotecnologia-agricola-de-que-manera-impacta-en-la-argentina\/#primaryimage"},"image":{"@id":"https:\/\/masindustrias.com.ar\/mas-campo\/2026\/02\/01\/biotecnologia\/la-ue-y-la-biotecnologia-agricola-de-que-manera-impacta-en-la-argentina\/#primaryimage"},"thumbnailUrl":"https:\/\/masindustrias.com.ar\/mas-campo\/wp-content\/uploads\/2026\/02\/NTG.jpg","datePublished":"2026-02-01T16:51:11+00:00","dateModified":"2026-04-17T22:52:03+00:00","breadcrumb":{"@id":"https:\/\/masindustrias.com.ar\/mas-campo\/2026\/02\/01\/biotecnologia\/la-ue-y-la-biotecnologia-agricola-de-que-manera-impacta-en-la-argentina\/#breadcrumb"},"inLanguage":"es-AR","potentialAction":[{"@type":"ReadAction","target":["https:\/\/masindustrias.com.ar\/mas-campo\/2026\/02\/01\/biotecnologia\/la-ue-y-la-biotecnologia-agricola-de-que-manera-impacta-en-la-argentina\/"]}]},{"@type":"ImageObject","inLanguage":"es-AR","@id":"https:\/\/masindustrias.com.ar\/mas-campo\/2026\/02\/01\/biotecnologia\/la-ue-y-la-biotecnologia-agricola-de-que-manera-impacta-en-la-argentina\/#primaryimage","url":"https:\/\/masindustrias.com.ar\/mas-campo\/wp-content\/uploads\/2026\/02\/NTG.jpg","contentUrl":"https:\/\/masindustrias.com.ar\/mas-campo\/wp-content\/uploads\/2026\/02\/NTG.jpg","width":1200,"height":737,"caption":"La diferenciaci\u00f3n busca reducir la carga administrativa para los desarrolladores garantizando, al mismo tiempo, altos est\u00e1ndares de seguridad ambiental y alimentaria."},{"@type":"BreadcrumbList","@id":"https:\/\/masindustrias.com.ar\/mas-campo\/2026\/02\/01\/biotecnologia\/la-ue-y-la-biotecnologia-agricola-de-que-manera-impacta-en-la-argentina\/#breadcrumb","itemListElement":[{"@type":"ListItem","position":1,"name":"Inicio","item":"https:\/\/masindustrias.com.ar\/mas-campo\/"},{"@type":"ListItem","position":2,"name":"La UE y la biotecnolog\u00eda agr\u00edcola: de qu\u00e9 manera impacta en la Argentina"}]},{"@type":"WebSite","@id":"https:\/\/masindustrias.com.ar\/mas-campo\/#website","url":"https:\/\/masindustrias.com.ar\/mas-campo\/","name":"M\u00e1s Campo","description":"Actualidad del Campo y del Sector Agropecuario de Bah\u00eda Blanca y la Regi\u00f3n","publisher":{"@id":"https:\/\/masindustrias.com.ar\/mas-campo\/#organization"},"alternateName":"M\u00e1s Campo","potentialAction":[{"@type":"SearchAction","target":{"@type":"EntryPoint","urlTemplate":"https:\/\/masindustrias.com.ar\/mas-campo\/?s={search_term_string}"},"query-input":{"@type":"PropertyValueSpecification","valueRequired":true,"valueName":"search_term_string"}}],"inLanguage":"es-AR"},{"@type":"Organization","@id":"https:\/\/masindustrias.com.ar\/mas-campo\/#organization","name":"M\u00e1s Campo","url":"https:\/\/masindustrias.com.ar\/mas-campo\/","logo":{"@type":"ImageObject","inLanguage":"es-AR","@id":"https:\/\/masindustrias.com.ar\/mas-campo\/#\/schema\/logo\/image\/","url":"https:\/\/masindustrias.com.ar\/mas-campo\/wp-content\/uploads\/2025\/08\/mas-campo-noticias-agicolas.svg","contentUrl":"https:\/\/masindustrias.com.ar\/mas-campo\/wp-content\/uploads\/2025\/08\/mas-campo-noticias-agicolas.svg","width":455,"height":69,"caption":"M\u00e1s Campo"},"image":{"@id":"https:\/\/masindustrias.com.ar\/mas-campo\/#\/schema\/logo\/image\/"}},{"@type":"Person","@id":"https:\/\/masindustrias.com.ar\/mas-campo\/#\/schema\/person\/628d97aab99dad3321861bf7ce753fd1","name":"Redacci\u00f3n M\u00e1s Campo","description":"Redacci\u00f3n de M\u00e1s Campo, el medio de comunicaci\u00f3n de Bah\u00eda Blanca, el sudoeste de la provincia de Buenos Aires y la regi\u00f3n, especializado en ganader\u00eda y agricultura.","sameAs":["https:\/\/masindustrias.com.ar\/mas-campo"],"url":"https:\/\/masindustrias.com.ar\/mas-campo\/author\/mas-campo\/"}]}},"_links":{"self":[{"href":"https:\/\/masindustrias.com.ar\/mas-campo\/wp-json\/wp\/v2\/posts\/1124","targetHints":{"allow":["GET"]}}],"collection":[{"href":"https:\/\/masindustrias.com.ar\/mas-campo\/wp-json\/wp\/v2\/posts"}],"about":[{"href":"https:\/\/masindustrias.com.ar\/mas-campo\/wp-json\/wp\/v2\/types\/post"}],"author":[{"embeddable":true,"href":"https:\/\/masindustrias.com.ar\/mas-campo\/wp-json\/wp\/v2\/users\/1"}],"replies":[{"embeddable":true,"href":"https:\/\/masindustrias.com.ar\/mas-campo\/wp-json\/wp\/v2\/comments?post=1124"}],"version-history":[{"count":2,"href":"https:\/\/masindustrias.com.ar\/mas-campo\/wp-json\/wp\/v2\/posts\/1124\/revisions"}],"predecessor-version":[{"id":1128,"href":"https:\/\/masindustrias.com.ar\/mas-campo\/wp-json\/wp\/v2\/posts\/1124\/revisions\/1128"}],"wp:featuredmedia":[{"embeddable":true,"href":"https:\/\/masindustrias.com.ar\/mas-campo\/wp-json\/wp\/v2\/media\/1125"}],"wp:attachment":[{"href":"https:\/\/masindustrias.com.ar\/mas-campo\/wp-json\/wp\/v2\/media?parent=1124"}],"wp:term":[{"taxonomy":"category","embeddable":true,"href":"https:\/\/masindustrias.com.ar\/mas-campo\/wp-json\/wp\/v2\/categories?post=1124"},{"taxonomy":"post_tag","embeddable":true,"href":"https:\/\/masindustrias.com.ar\/mas-campo\/wp-json\/wp\/v2\/tags?post=1124"}],"curies":[{"name":"wp","href":"https:\/\/api.w.org\/{rel}","templated":true}]}}